{"id":11344,"date":"2017-10-03T00:00:00","date_gmt":"2017-10-02T22:00:00","guid":{"rendered":"https:\/\/www.swibeco.ch\/staerken-sie-ihre-arbeitgebermarke-mit-swibeco\/"},"modified":"2024-07-31T17:01:33","modified_gmt":"2024-07-31T15:01:33","slug":"staerken-sie-ihre-arbeitgebermarke-mit-swibeco","status":"publish","type":"post","link":"https:\/\/www.swibeco.ch\/de\/staerken-sie-ihre-arbeitgebermarke-mit-swibeco\/","title":{"rendered":"St\u00e4rken Sie Ihre Arbeitgebermarke mit Swibeco!"},"content":{"rendered":"\n<p>Die Arbeitsm\u00e4rkte sind heute so offen und globalisiert wie nie zuvor. Der Entwicklung und St\u00e4rkung Ihrer Arbeitgebermarke kommt daher eine besondere Rolle zu, damit Ihr Unternehmen hochqualifiziertes Personal f\u00fcr sich gewinnen, motivieren und halten kann.<\/p>\n\n\n\n<p>Die Grundlage ist eine aussagekr\u00e4ftige Darstellung der Werte, des Images und der Unternehmenskultur. Dar\u00fcber hinaus sollten auch konkrete Ma\u00dfnahmen umgesetzt werden, die das tagt\u00e4gliche Wohlbefinden Ihrer Mitarbeiter sp\u00fcrbar verbessern. Hier zeigen wir Ihnen, wie die ma\u00dfgeschneiderten Benefits von Swibeco die Zufriedenheit und Leistungsbereitschaft Ihrer Mitarbeiter steigern und sie zu Botschaftern f\u00fcr die Personalgewinnung machen!<\/p>\n\n\n\n<h2 class=\"wp-block-heading\"><strong>Zusatzleistungen mit Swibeco, der beste Weg zur Steigerung der Mitarbeitermotivation<\/strong><\/h2>\n\n\n\n<p>Eine aktuelle Studie, die Swibeco gemeinsam mit dem HEC Lausanne durchgef\u00fchrt hat, zeigt einmal mehr, dass&nbsp;<strong>die Wahrnehmung der Arbeitgebermarke sich direkt auf das Engagement der Mitarbeiter auswirkt<\/strong>. Ein gemeinsames, wohlwollendes Image tr\u00e4gt dazu bei, dass die Mitarbeiter sich dem Unternehmen zugeh\u00f6rig f\u00fchlen, die Gesch\u00e4ftsziele mittragen und ihr pers\u00f6nliches Potential voll entfalten.<\/p>\n\n\n\n<p>Die Zusatzleistungen von Swibeco bieten Ihren Mitarbeitern exklusive Vorteile und dauerhafte Rabatte bei gro\u00dfen Marken und Anbietern und sind gleichzeitig auch ein Mittel, die&nbsp;<strong>Leistungen der Mitarbeiter zu honorieren und ihre Motivation zu steigern<\/strong>. Die Attraktivit\u00e4t und die breite Auswahl der Incentives unterst\u00fctzt zus\u00e4tzlich die positive Wahrnehmung der Zusatzleistungen.<\/p>\n\n\n\n<p>Die Studie zeigt ferner, dass&nbsp;<strong>35% der Angestellten von Swibeco-Kunden sich selbst am Arbeitsplatz als \u201eaktiv engagiert\u201c<\/strong>&nbsp;bezeichnen, gegen\u00fcber durchschnittlich nur 16% bei Schweizer Unternehmen.* Nur 5% f\u00fchlen sich \u201ewenig oder gar nicht involviert\u201c, gegen\u00fcber 8% im restlichen Privatsektor in der Schweiz.<\/p>\n\n\n\n<h2 class=\"wp-block-heading\"><strong>Mit Swibeco machen Sie den Mehrwert der Zusatzleistungen f\u00fcr Ihre Mitarbeiter sichtbar<\/strong><\/h2>\n\n\n\n<p>Zu den gro\u00dfen St\u00e4rken der Swibeco-Plattform geh\u00f6rt, dass sie flexibel konfiguriert und passgenau entsprechend der Erwartungen und Ihrer Arbeitgebermarke gestaltet werden kann.<\/p>\n\n\n\n<p>Ein flexibles Anreizsystem, dass auf Punkten basiert (\u201eSwipoints\u201c) erm\u00f6glicht es den Personalmanagern, den Mitarbeitern&nbsp;<strong>individuell angepasste Incentives<\/strong>&nbsp;anzubieten. Die verdienten Punkte stehen den Angestellten zur freien Verf\u00fcgung und k\u00f6nnen in Pr\u00e4mien eingetauscht werden, die auf der Online-Plattform angeboten werden. Sie k\u00f6nnen selbstverst\u00e4ndlich auch weiter Punkte sammeln, ohne dass diese verfallen.<\/p>\n\n\n\n<p>Dieser Mechanismus ist \u00e4u\u00dferst effizient, dank der schnellen und einfachen Verf\u00fcgbarkeit der Pr\u00e4mien. Auf diese Weise wird auch sichergestellt, dass&nbsp;<strong>Ihre Mitarbeiter die Zusatzleistungen als gro\u00dfen Mehrwert empfinden und dass Sie Ihre Attraktivit\u00e4t als Arbeitgeber steigern k\u00f6nnen<\/strong>.<\/p>\n\n\n\n<h2 class=\"wp-block-heading\"><strong>Swibeco integriert sich in das digitale Management Ihrer Arbeitgebermarke<\/strong><\/h2>\n\n\n\n<p>Ein weiterer wichtiger Vorteil von Swibeco ist die digitale Steuerung der Anwendung, mit der Sie Ihr Image gegen\u00fcber Ihren aktuellen und potentiell zuk\u00fcnftigen Angestellten Gestalt verleihen.<\/p>\n\n\n\n<p>Mit der zu 100% Cloud-basierten L\u00f6sung nutzen Sie den aktuellen Stand der Technik, um High Potentials f\u00fcr Ihr Unternehmen zu gewinnen. Sie bekommen eine schl\u00fcsselfertige, web-basierte Plattform, die h\u00f6chsten Sicherheitsstandards entspricht und frei konfigurierbar ist.<\/p>\n\n\n\n<p>So bieten Sie Ihren Mitarbeitern eine benutzerfreundliche, optimierte Anwendung, mit der sie \u00fcber den PC oder das Smartphone aktuelle Zusatzleistungen (Neuheiten, Sonderangebote, exklusive In-House-Verk\u00e4ufe, usw.) kennenlernen und auf diese zugreifen k\u00f6nnen. Dank Benachrichtigungen per E-Mail oder Mobiltelefon k\u00f6nnen Sie das Programm stets lebendig gestalten.<\/p>\n\n\n\n<p>Das skalierbare und flexible Tool l\u00e4sst sich nahtlos in die digitalen Prozesse Ihres Personalmanagements integrieren. Ihre Mitarbeiter profitieren von einer benutzerfreundlichen, einladenden L\u00f6sung, die ihnen jederzeit eine detaillierte \u00dcbersicht \u00fcber die Zusatzleistungen gibt.<\/p>\n\n\n\n<p>*Laut der 2013 von Gallup durchgef\u00fchrten Studie,&nbsp;<a href=\"https:\/\/www.swibeco.ch\/?p=7647&amp;lang=de\"><u>die zuvor auf dem Blog von Swibeco zitiert wurde<\/u>.<\/a><\/p>\n","protected":false},"excerpt":{"rendered":"<p>Die Arbeitsm\u00e4rkte sind heute so offen und globalisiert wie nie zuvor. Der Entwicklung und St\u00e4rkung Ihrer Arbeitgebermarke kommt daher eine besondere Rolle zu, damit Ihr Unternehmen hochqualifiziertes Personal f\u00fcr sich gewinnen, motivieren und halten kann. Die Grundlage ist eine aussagekr\u00e4ftige Darstellung der Werte, des Images und der Unternehmenskultur. Dar\u00fcber hinaus sollten auch konkrete Ma\u00dfnahmen umgesetzt &#8230; <a title=\"St\u00e4rken Sie Ihre Arbeitgebermarke mit Swibeco!\" class=\"read-more\" href=\"https:\/\/www.swibeco.ch\/de\/staerken-sie-ihre-arbeitgebermarke-mit-swibeco\/\" aria-label=\"Mehr Informationen \u00fcber St\u00e4rken Sie Ihre Arbeitgebermarke mit Swibeco!\">Lire plus<\/a><\/p>\n","protected":false},"author":1,"featured_media":35642,"comment_status":"closed","ping_status":"closed","sticky":false,"template":"","format":"standard","meta":{"_acf_changed":false,"footnotes":""},"categories":[93],"tags":[],"class_list":["post-11344","post","type-post","status-publish","format-standard","has-post-thumbnail","hentry","category-personalwesen","generate-columns","tablet-grid-50","mobile-grid-100","grid-parent","grid-25","resize-featured-image"],"acf":[],"yoast_head":"<!-- This site is optimized with the Yoast SEO Premium plugin v27.4 (Yoast SEO v27.4) - https:\/\/yoast.com\/product\/yoast-seo-premium-wordpress\/ -->\n<title>St\u00e4rken Sie Ihre Arbeitgebermarke mit Swibeco! | Swibeco<\/title>\n<meta name=\"description\" content=\"Die Arbeitsm\u00e4rkte sind heute so offen und globalisiert wie nie zuvor.\" \/>\n<meta name=\"robots\" content=\"index, follow, max-snippet:-1, max-image-preview:large, max-video-preview:-1\" \/>\n<link rel=\"canonical\" href=\"https:\/\/www.swibeco.ch\/de\/staerken-sie-ihre-arbeitgebermarke-mit-swibeco\/\" \/>\n<meta property=\"og:locale\" content=\"de_DE\" \/>\n<meta property=\"og:type\" content=\"article\" \/>\n<meta property=\"og:title\" content=\"St\u00e4rken Sie Ihre Arbeitgebermarke mit Swibeco!\" \/>\n<meta property=\"og:description\" content=\"Die Arbeitsm\u00e4rkte sind heute so offen und globalisiert wie nie zuvor.\" \/>\n<meta property=\"og:url\" content=\"https:\/\/www.swibeco.ch\/de\/staerken-sie-ihre-arbeitgebermarke-mit-swibeco\/\" \/>\n<meta property=\"og:site_name\" content=\"Swibeco\" \/>\n<meta property=\"article:published_time\" content=\"2017-10-02T22:00:00+00:00\" \/>\n<meta property=\"article:modified_time\" content=\"2024-07-31T15:01:33+00:00\" \/>\n<meta property=\"og:image\" content=\"https:\/\/www.swibeco.ch\/wp-content\/uploads\/swibeco-opengraph.jpg\" \/>\n\t<meta property=\"og:image:width\" content=\"713\" \/>\n\t<meta property=\"og:image:height\" content=\"476\" \/>\n\t<meta property=\"og:image:type\" content=\"image\/jpeg\" \/>\n<meta name=\"author\" content=\"marie\" \/>\n<meta name=\"twitter:card\" content=\"summary_large_image\" \/>\n<meta name=\"twitter:label1\" content=\"Verfasst von\" \/>\n\t<meta name=\"twitter:data1\" content=\"marie\" \/>\n\t<meta name=\"twitter:label2\" content=\"Gesch\u00e4tzte Lesezeit\" \/>\n\t<meta name=\"twitter:data2\" content=\"3\u00a0Minuten\" \/>\n<script type=\"application\/ld+json\" class=\"yoast-schema-graph\">{\"@context\":\"https:\\\/\\\/schema.org\",\"@graph\":[{\"@type\":\"Article\",\"@id\":\"https:\\\/\\\/www.swibeco.ch\\\/de\\\/staerken-sie-ihre-arbeitgebermarke-mit-swibeco\\\/#article\",\"isPartOf\":{\"@id\":\"https:\\\/\\\/www.swibeco.ch\\\/de\\\/staerken-sie-ihre-arbeitgebermarke-mit-swibeco\\\/\"},\"author\":{\"name\":\"marie\",\"@id\":\"https:\\\/\\\/www.swibeco.ch\\\/de\\\/#\\\/schema\\\/person\\\/92bb2205dab47232a98411cfdf405819\"},\"headline\":\"St\u00e4rken Sie Ihre Arbeitgebermarke mit Swibeco!\",\"datePublished\":\"2017-10-02T22:00:00+00:00\",\"dateModified\":\"2024-07-31T15:01:33+00:00\",\"mainEntityOfPage\":{\"@id\":\"https:\\\/\\\/www.swibeco.ch\\\/de\\\/staerken-sie-ihre-arbeitgebermarke-mit-swibeco\\\/\"},\"wordCount\":586,\"publisher\":{\"@id\":\"https:\\\/\\\/www.swibeco.ch\\\/de\\\/#organization\"},\"image\":{\"@id\":\"https:\\\/\\\/www.swibeco.ch\\\/de\\\/staerken-sie-ihre-arbeitgebermarke-mit-swibeco\\\/#primaryimage\"},\"thumbnailUrl\":\"https:\\\/\\\/www.swibeco.ch\\\/wp-content\\\/uploads\\\/blog-swibeco-responsables-rh-decouvrez-renforcer-marque-employeur-swibeco.jpg\",\"articleSection\":[\"HR-Trends\"],\"inLanguage\":\"de\"},{\"@type\":\"WebPage\",\"@id\":\"https:\\\/\\\/www.swibeco.ch\\\/de\\\/staerken-sie-ihre-arbeitgebermarke-mit-swibeco\\\/\",\"url\":\"https:\\\/\\\/www.swibeco.ch\\\/de\\\/staerken-sie-ihre-arbeitgebermarke-mit-swibeco\\\/\",\"name\":\"St\u00e4rken Sie Ihre Arbeitgebermarke mit Swibeco! | Swibeco\",\"isPartOf\":{\"@id\":\"https:\\\/\\\/www.swibeco.ch\\\/de\\\/#website\"},\"primaryImageOfPage\":{\"@id\":\"https:\\\/\\\/www.swibeco.ch\\\/de\\\/staerken-sie-ihre-arbeitgebermarke-mit-swibeco\\\/#primaryimage\"},\"image\":{\"@id\":\"https:\\\/\\\/www.swibeco.ch\\\/de\\\/staerken-sie-ihre-arbeitgebermarke-mit-swibeco\\\/#primaryimage\"},\"thumbnailUrl\":\"https:\\\/\\\/www.swibeco.ch\\\/wp-content\\\/uploads\\\/blog-swibeco-responsables-rh-decouvrez-renforcer-marque-employeur-swibeco.jpg\",\"datePublished\":\"2017-10-02T22:00:00+00:00\",\"dateModified\":\"2024-07-31T15:01:33+00:00\",\"description\":\"Die Arbeitsm\u00e4rkte sind heute so offen und globalisiert wie nie zuvor.\",\"breadcrumb\":{\"@id\":\"https:\\\/\\\/www.swibeco.ch\\\/de\\\/staerken-sie-ihre-arbeitgebermarke-mit-swibeco\\\/#breadcrumb\"},\"inLanguage\":\"de\",\"potentialAction\":[{\"@type\":\"ReadAction\",\"target\":[\"https:\\\/\\\/www.swibeco.ch\\\/de\\\/staerken-sie-ihre-arbeitgebermarke-mit-swibeco\\\/\"]}]},{\"@type\":\"ImageObject\",\"inLanguage\":\"de\",\"@id\":\"https:\\\/\\\/www.swibeco.ch\\\/de\\\/staerken-sie-ihre-arbeitgebermarke-mit-swibeco\\\/#primaryimage\",\"url\":\"https:\\\/\\\/www.swibeco.ch\\\/wp-content\\\/uploads\\\/blog-swibeco-responsables-rh-decouvrez-renforcer-marque-employeur-swibeco.jpg\",\"contentUrl\":\"https:\\\/\\\/www.swibeco.ch\\\/wp-content\\\/uploads\\\/blog-swibeco-responsables-rh-decouvrez-renforcer-marque-employeur-swibeco.jpg\",\"width\":713,\"height\":476,\"caption\":\"Swibeco- Responsables RH, d\u00e9couvrez comment renforcer votre marque employeur avec Swibeco !\"},{\"@type\":\"BreadcrumbList\",\"@id\":\"https:\\\/\\\/www.swibeco.ch\\\/de\\\/staerken-sie-ihre-arbeitgebermarke-mit-swibeco\\\/#breadcrumb\",\"itemListElement\":[{\"@type\":\"ListItem\",\"position\":1,\"name\":\"Accueil\",\"item\":\"https:\\\/\\\/www.swibeco.ch\\\/de\\\/\"},{\"@type\":\"ListItem\",\"position\":2,\"name\":\"St\u00e4rken Sie Ihre Arbeitgebermarke mit Swibeco!\"}]},{\"@type\":\"WebSite\",\"@id\":\"https:\\\/\\\/www.swibeco.ch\\\/de\\\/#website\",\"url\":\"https:\\\/\\\/www.swibeco.ch\\\/de\\\/\",\"name\":\"Swibeco\",\"description\":\"Flexible Benefits for Real Impact\",\"publisher\":{\"@id\":\"https:\\\/\\\/www.swibeco.ch\\\/de\\\/#organization\"},\"potentialAction\":[{\"@type\":\"SearchAction\",\"target\":{\"@type\":\"EntryPoint\",\"urlTemplate\":\"https:\\\/\\\/www.swibeco.ch\\\/de\\\/?s={search_term_string}\"},\"query-input\":{\"@type\":\"PropertyValueSpecification\",\"valueRequired\":true,\"valueName\":\"search_term_string\"}}],\"inLanguage\":\"de\"},{\"@type\":\"Organization\",\"@id\":\"https:\\\/\\\/www.swibeco.ch\\\/de\\\/#organization\",\"name\":\"SWIBECO\",\"url\":\"https:\\\/\\\/www.swibeco.ch\\\/de\\\/\",\"logo\":{\"@type\":\"ImageObject\",\"inLanguage\":\"de\",\"@id\":\"https:\\\/\\\/www.swibeco.ch\\\/de\\\/#\\\/schema\\\/logo\\\/image\\\/\",\"url\":\"https:\\\/\\\/www.swibeco.ch\\\/wp-content\\\/uploads\\\/logo-swibeco.svg\",\"contentUrl\":\"https:\\\/\\\/www.swibeco.ch\\\/wp-content\\\/uploads\\\/logo-swibeco.svg\",\"width\":300,\"height\":110,\"caption\":\"SWIBECO\"},\"image\":{\"@id\":\"https:\\\/\\\/www.swibeco.ch\\\/de\\\/#\\\/schema\\\/logo\\\/image\\\/\"},\"sameAs\":[\"https:\\\/\\\/www.linkedin.com\\\/company\\\/swibeco\\\/\"]},{\"@type\":\"Person\",\"@id\":\"https:\\\/\\\/www.swibeco.ch\\\/de\\\/#\\\/schema\\\/person\\\/92bb2205dab47232a98411cfdf405819\",\"name\":\"marie\",\"image\":{\"@type\":\"ImageObject\",\"inLanguage\":\"de\",\"@id\":\"https:\\\/\\\/secure.gravatar.com\\\/avatar\\\/e04cbea7620b9a449ff4e02ff927e2aec7c3b555bf31036533b08837c34d28ed?s=96&d=mm&r=g\",\"url\":\"https:\\\/\\\/secure.gravatar.com\\\/avatar\\\/e04cbea7620b9a449ff4e02ff927e2aec7c3b555bf31036533b08837c34d28ed?s=96&d=mm&r=g\",\"contentUrl\":\"https:\\\/\\\/secure.gravatar.com\\\/avatar\\\/e04cbea7620b9a449ff4e02ff927e2aec7c3b555bf31036533b08837c34d28ed?s=96&d=mm&r=g\",\"caption\":\"marie\"},\"sameAs\":[\"https:\\\/\\\/www.swibeco.ch\"]}]}<\/script>\n<!-- \/ Yoast SEO Premium plugin. -->","yoast_head_json":{"title":"St\u00e4rken Sie Ihre Arbeitgebermarke mit Swibeco! | Swibeco","description":"Die Arbeitsm\u00e4rkte sind heute so offen und globalisiert wie nie zuvor.","robots":{"index":"index","follow":"follow","max-snippet":"max-snippet:-1","max-image-preview":"max-image-preview:large","max-video-preview":"max-video-preview:-1"},"canonical":"https:\/\/www.swibeco.ch\/de\/staerken-sie-ihre-arbeitgebermarke-mit-swibeco\/","og_locale":"de_DE","og_type":"article","og_title":"St\u00e4rken Sie Ihre Arbeitgebermarke mit Swibeco!","og_description":"Die Arbeitsm\u00e4rkte sind heute so offen und globalisiert wie nie zuvor.","og_url":"https:\/\/www.swibeco.ch\/de\/staerken-sie-ihre-arbeitgebermarke-mit-swibeco\/","og_site_name":"Swibeco","article_published_time":"2017-10-02T22:00:00+00:00","article_modified_time":"2024-07-31T15:01:33+00:00","og_image":[{"width":713,"height":476,"url":"https:\/\/www.swibeco.ch\/wp-content\/uploads\/swibeco-opengraph.jpg","type":"image\/jpeg"}],"author":"marie","twitter_card":"summary_large_image","twitter_misc":{"Verfasst von":"marie","Gesch\u00e4tzte Lesezeit":"3\u00a0Minuten"},"schema":{"@context":"https:\/\/schema.org","@graph":[{"@type":"Article","@id":"https:\/\/www.swibeco.ch\/de\/staerken-sie-ihre-arbeitgebermarke-mit-swibeco\/#article","isPartOf":{"@id":"https:\/\/www.swibeco.ch\/de\/staerken-sie-ihre-arbeitgebermarke-mit-swibeco\/"},"author":{"name":"marie","@id":"https:\/\/www.swibeco.ch\/de\/#\/schema\/person\/92bb2205dab47232a98411cfdf405819"},"headline":"St\u00e4rken Sie Ihre Arbeitgebermarke mit Swibeco!","datePublished":"2017-10-02T22:00:00+00:00","dateModified":"2024-07-31T15:01:33+00:00","mainEntityOfPage":{"@id":"https:\/\/www.swibeco.ch\/de\/staerken-sie-ihre-arbeitgebermarke-mit-swibeco\/"},"wordCount":586,"publisher":{"@id":"https:\/\/www.swibeco.ch\/de\/#organization"},"image":{"@id":"https:\/\/www.swibeco.ch\/de\/staerken-sie-ihre-arbeitgebermarke-mit-swibeco\/#primaryimage"},"thumbnailUrl":"https:\/\/www.swibeco.ch\/wp-content\/uploads\/blog-swibeco-responsables-rh-decouvrez-renforcer-marque-employeur-swibeco.jpg","articleSection":["HR-Trends"],"inLanguage":"de"},{"@type":"WebPage","@id":"https:\/\/www.swibeco.ch\/de\/staerken-sie-ihre-arbeitgebermarke-mit-swibeco\/","url":"https:\/\/www.swibeco.ch\/de\/staerken-sie-ihre-arbeitgebermarke-mit-swibeco\/","name":"St\u00e4rken Sie Ihre Arbeitgebermarke mit Swibeco! | Swibeco","isPartOf":{"@id":"https:\/\/www.swibeco.ch\/de\/#website"},"primaryImageOfPage":{"@id":"https:\/\/www.swibeco.ch\/de\/staerken-sie-ihre-arbeitgebermarke-mit-swibeco\/#primaryimage"},"image":{"@id":"https:\/\/www.swibeco.ch\/de\/staerken-sie-ihre-arbeitgebermarke-mit-swibeco\/#primaryimage"},"thumbnailUrl":"https:\/\/www.swibeco.ch\/wp-content\/uploads\/blog-swibeco-responsables-rh-decouvrez-renforcer-marque-employeur-swibeco.jpg","datePublished":"2017-10-02T22:00:00+00:00","dateModified":"2024-07-31T15:01:33+00:00","description":"Die Arbeitsm\u00e4rkte sind heute so offen und globalisiert wie nie zuvor.","breadcrumb":{"@id":"https:\/\/www.swibeco.ch\/de\/staerken-sie-ihre-arbeitgebermarke-mit-swibeco\/#breadcrumb"},"inLanguage":"de","potentialAction":[{"@type":"ReadAction","target":["https:\/\/www.swibeco.ch\/de\/staerken-sie-ihre-arbeitgebermarke-mit-swibeco\/"]}]},{"@type":"ImageObject","inLanguage":"de","@id":"https:\/\/www.swibeco.ch\/de\/staerken-sie-ihre-arbeitgebermarke-mit-swibeco\/#primaryimage","url":"https:\/\/www.swibeco.ch\/wp-content\/uploads\/blog-swibeco-responsables-rh-decouvrez-renforcer-marque-employeur-swibeco.jpg","contentUrl":"https:\/\/www.swibeco.ch\/wp-content\/uploads\/blog-swibeco-responsables-rh-decouvrez-renforcer-marque-employeur-swibeco.jpg","width":713,"height":476,"caption":"Swibeco- Responsables RH, d\u00e9couvrez comment renforcer votre marque employeur avec Swibeco !"},{"@type":"BreadcrumbList","@id":"https:\/\/www.swibeco.ch\/de\/staerken-sie-ihre-arbeitgebermarke-mit-swibeco\/#breadcrumb","itemListElement":[{"@type":"ListItem","position":1,"name":"Accueil","item":"https:\/\/www.swibeco.ch\/de\/"},{"@type":"ListItem","position":2,"name":"St\u00e4rken Sie Ihre Arbeitgebermarke mit Swibeco!"}]},{"@type":"WebSite","@id":"https:\/\/www.swibeco.ch\/de\/#website","url":"https:\/\/www.swibeco.ch\/de\/","name":"Swibeco","description":"Flexible Benefits for Real Impact","publisher":{"@id":"https:\/\/www.swibeco.ch\/de\/#organization"},"potentialAction":[{"@type":"SearchAction","target":{"@type":"EntryPoint","urlTemplate":"https:\/\/www.swibeco.ch\/de\/?s={search_term_string}"},"query-input":{"@type":"PropertyValueSpecification","valueRequired":true,"valueName":"search_term_string"}}],"inLanguage":"de"},{"@type":"Organization","@id":"https:\/\/www.swibeco.ch\/de\/#organization","name":"SWIBECO","url":"https:\/\/www.swibeco.ch\/de\/","logo":{"@type":"ImageObject","inLanguage":"de","@id":"https:\/\/www.swibeco.ch\/de\/#\/schema\/logo\/image\/","url":"https:\/\/www.swibeco.ch\/wp-content\/uploads\/logo-swibeco.svg","contentUrl":"https:\/\/www.swibeco.ch\/wp-content\/uploads\/logo-swibeco.svg","width":300,"height":110,"caption":"SWIBECO"},"image":{"@id":"https:\/\/www.swibeco.ch\/de\/#\/schema\/logo\/image\/"},"sameAs":["https:\/\/www.linkedin.com\/company\/swibeco\/"]},{"@type":"Person","@id":"https:\/\/www.swibeco.ch\/de\/#\/schema\/person\/92bb2205dab47232a98411cfdf405819","name":"marie","image":{"@type":"ImageObject","inLanguage":"de","@id":"https:\/\/secure.gravatar.com\/avatar\/e04cbea7620b9a449ff4e02ff927e2aec7c3b555bf31036533b08837c34d28ed?s=96&d=mm&r=g","url":"https:\/\/secure.gravatar.com\/avatar\/e04cbea7620b9a449ff4e02ff927e2aec7c3b555bf31036533b08837c34d28ed?s=96&d=mm&r=g","contentUrl":"https:\/\/secure.gravatar.com\/avatar\/e04cbea7620b9a449ff4e02ff927e2aec7c3b555bf31036533b08837c34d28ed?s=96&d=mm&r=g","caption":"marie"},"sameAs":["https:\/\/www.swibeco.ch"]}]}},"_links":{"self":[{"href":"https:\/\/www.swibeco.ch\/de\/wp-json\/wp\/v2\/posts\/11344","targetHints":{"allow":["GET"]}}],"collection":[{"href":"https:\/\/www.swibeco.ch\/de\/wp-json\/wp\/v2\/posts"}],"about":[{"href":"https:\/\/www.swibeco.ch\/de\/wp-json\/wp\/v2\/types\/post"}],"author":[{"embeddable":true,"href":"https:\/\/www.swibeco.ch\/de\/wp-json\/wp\/v2\/users\/1"}],"replies":[{"embeddable":true,"href":"https:\/\/www.swibeco.ch\/de\/wp-json\/wp\/v2\/comments?post=11344"}],"version-history":[{"count":0,"href":"https:\/\/www.swibeco.ch\/de\/wp-json\/wp\/v2\/posts\/11344\/revisions"}],"wp:featuredmedia":[{"embeddable":true,"href":"https:\/\/www.swibeco.ch\/de\/wp-json\/wp\/v2\/media\/35642"}],"wp:attachment":[{"href":"https:\/\/www.swibeco.ch\/de\/wp-json\/wp\/v2\/media?parent=11344"}],"wp:term":[{"taxonomy":"category","embeddable":true,"href":"https:\/\/www.swibeco.ch\/de\/wp-json\/wp\/v2\/categories?post=11344"},{"taxonomy":"post_tag","embeddable":true,"href":"https:\/\/www.swibeco.ch\/de\/wp-json\/wp\/v2\/tags?post=11344"}],"curies":[{"name":"wp","href":"https:\/\/api.w.org\/{rel}","templated":true}]}}