{"id":11356,"date":"2018-03-05T00:00:00","date_gmt":"2018-03-04T23:00:00","guid":{"rendered":"https:\/\/www.swibeco.ch\/mehr-lebensqualitaet-am-arbeitsplatz-herausforderungen-im-jahr-2018\/"},"modified":"2024-07-16T12:11:14","modified_gmt":"2024-07-16T10:11:14","slug":"mehr-lebensqualitaet-am-arbeitsplatz-herausforderungen-im-jahr-2018","status":"publish","type":"post","link":"https:\/\/www.swibeco.ch\/de\/mehr-lebensqualitaet-am-arbeitsplatz-herausforderungen-im-jahr-2018\/","title":{"rendered":"Mehr Lebensqualit\u00e4t am Arbeitsplatz \u2013 Herausforderungen im Jahr 2018"},"content":{"rendered":"\n<p>Sich mit der Lebensqualit\u00e4t am Arbeitsplatz zu befassen bedeutet, das Wohlbefinden der Mitarbeiter mit der Leistung des Unternehmens zu kombinieren. Heutzutage wird diese Vorgehensweise von den meisten Angestellten als essentiell empfunden, um ihre Motivation aufrechtzuerhalten.<\/p>\n\n\n\n<h2 class=\"wp-block-heading\"><strong>Lebensqualit\u00e4t am Arbeitsplatz in der Schweiz<\/strong><\/h2>\n\n\n\n<p>Es ist schwierig, Mitarbeiter dauerhaft an ein Unternehmen zu binden und so Personal-Fluktuation zu minimieren, dies haben verschiedene Studien aus den letzten f\u00fcnf Jahren ergeben.<\/p>\n\n\n\n<p>Im Jahr 2013 stellte das Institut Perfora fest, dass beinahe<strong>&nbsp;30 % der befragten Angestellten in der franz\u00f6sischen Schweiz wenig oder keine Motivation bei der Arbeit zeigten.&nbsp;<\/strong>Ein Viertel von ihnen bem\u00e4ngelte unter anderem die Schwierigkeit, ein Gleichgewicht zwischen Privatleben und Arbeitsalltag zu erhalten. 29 % der Befragten kritisierten au\u00dferdem die Struktur der R\u00e4umlichkeiten und die Ergonomie ihres Arbeitsplatzes.<\/p>\n\n\n\n<p>Die letzten Ergebnisse des \u201eBarometer Gute Arbeit\u201c der Organisation Travail Suisse zeigen, dass dieses Gef\u00fchl der Unzufriedenheit immer weiter zunimmt und 2017 bereits 47,8 % der befragten Angestellten betraf.<\/p>\n\n\n\n<p>Stress, der oft durch erh\u00f6hten Druck vom Management ausgel\u00f6st wird, die schwindende Grenze zwischen Freizeit und Arbeitszeit sowie die Digitalisierung von Aufgaben, die oft zu einem h\u00f6heren Arbeitspensum f\u00fchrt \u2013 all dies tr\u00e4gt zur Unzufriedenheit der Mitarbeiter bei.<\/p>\n\n\n\n<p>Das Barometer f\u00fchrt au\u00dferdem die&nbsp;<strong>stagnierenden L\u00f6hne<\/strong>&nbsp;und fehlenden Investitionen in die Weiterbildung von Mitarbeitern an.<\/p>\n\n\n\n<p>Insbesondere erfahrenen Mitarbeitern wird die Motivation genommen, wenn es in beinahe der H\u00e4lfte aller Unternehmen nicht zu j\u00e4hrlichen Evaluierungsgespr\u00e4chen kommt, die die M\u00f6glichkeit, die eigenen F\u00e4higkeiten zu erkennen und zu erweitern, bieten w\u00fcrden.<\/p>\n\n\n\n<h2 class=\"wp-block-heading\"><strong>Die entscheidenden Faktoren der Lebensqualit\u00e4t am Arbeitsplatz<\/strong><\/h2>\n\n\n\n<p>Die Arbeit an sich und die Bedingungen, unter denen sie verrichtet wird sind zentral f\u00fcr das Konzept der Lebensqualit\u00e4t am Arbeitsplatz. Um die Arbeitsbedingungen sowie die individuelle und kollektive Leistung zu verbessern, sind&nbsp;<strong>drei Punkte wesentlich:&nbsp;<\/strong>das Arbeitsumfeld (R\u00e4umlichkeiten, Organisation), die Bedingungen der T\u00e4tigkeitsaus\u00fcbung (Ausbildung, Aufstiegschancen) und die mit der Arbeit verkn\u00fcpften Lebensumst\u00e4nde (Gesundheit, Arbeitsweg).<\/p>\n\n\n\n<p>Es ist sinnvoll, von Anfang an die f\u00fcr die Gesamtheit der Mitarbeiter wesentlichen Sorgen in Bezug auf Soziales, Technisches und Wirtschaftliches zu formulieren und so vorzubeugen. Um Verbesserungsm\u00f6glichkeiten aufzuzeigen, ist es wichtig, die Angestellten individuell von ihrer T\u00e4tigkeit berichten zu lassen, zuzuh\u00f6ren und auch Vorschl\u00e4ge ihrerseits einzubeziehen.<\/p>\n\n\n\n<p>Eine klare Kommunikation, die stets die Gesamtheit des Personals in Prozesse miteinbezieht, reduziert die Abwesenheitsrate und Fehlerquote.&nbsp;<strong>Die Lebensqualit\u00e4t am Arbeitsplatz mit allen Abteilungen gemeinsam anzugehen f\u00fchrt zudem zu einem erh\u00f6hten Ma\u00df an Innovation sowie Produktivit\u00e4t und steigert allgemein das Engagement der Mitarbeiter.<\/strong><\/p>\n\n\n\n<h2 class=\"wp-block-heading\"><strong>Mitarbeiterbindung: Trends f\u00fcr 2018<\/strong><\/h2>\n\n\n\n<p><strong>Gemeinschaftliche Workspaces<\/strong>&nbsp;kreieren und&nbsp;<strong>komfortable Arbeitspl\u00e4tze<\/strong>&nbsp;schaffen. Au\u00dferdem Ber\u00fccksichtigung&nbsp;<strong>der Gesundheit und des Wohlbefindens<\/strong>&nbsp;im Arbeitsumfeld. Ergonomische Einrichtung, ein Ort f\u00fcr Pausen und Sport sowie eine Optimierung des Speisenangebots in der B\u00fcrokantine sind hier m\u00f6gliche Ansatzpunkte.<\/p>\n\n\n\n<p>Angestellten die Option bieten, in Teilzeit oder im&nbsp;<strong>Homeoffice<\/strong>&nbsp;zu arbeiten, wenn dies gew\u00fcnscht ist. Ein solches Angebot zeigt die Bereitschaft, individuellen Bed\u00fcrfnissen nachzukommen und wirkt vertrauensstiftend. Homeoffice-Regelungen sind au\u00dferdem variabel und k\u00f6nnen je nach Bedarf und Arbeitspensum angepasst werden.<\/p>\n\n\n\n<p>Mitarbeitern die M\u00f6glichkeit zu geben, sich frei zu \u00e4u\u00dfern und Entscheidungen zu treffen, f\u00fchrt zu einem positiven Arbeitsklima. Eine Definition ihres Postens und eine klar formulierte Wertsch\u00e4tzung ihrer Rolle im Unternehmen&nbsp;<strong>gibt Mitarbeitern ein Sinn-Empfinden<\/strong>&nbsp;und motiviert sie, gemeinschaftlich f\u00fcr ein Ziel zu arbeiten.<\/p>\n\n\n\n<p>Austausch unter Kollegen f\u00f6rdern und ihnen Zeitersparnis durch&nbsp;<strong>Digitalisierung<\/strong>&nbsp;erm\u00f6glichen ist ein weiterer Pluspunkt.<\/p>\n\n\n\n<p>Ein individuell anpassbares&nbsp;<strong>Gehaltspaket<\/strong>&nbsp;mit der HR-Plattform von Swibeco.ch erschaffen, das garantiert&nbsp;<strong>Anklang bei den Angestellten<\/strong>&nbsp;finden wird.<\/p>\n\n\n\n<p>2018 ist das Jahr, in dem eine Verbesserung der Qualit\u00e4t des Arbeitslebens oberste Priorit\u00e4t hat. Ziele, Methoden und Gestaltung sind individuell verschieden, basieren jedoch auf drei Grundpfeilern: zwischenmenschlichem Dialog, professionellem Kontext und wirtschaftlicher Herausforderung. Eine Optimierung des Arbeitsklimas ist ein anspruchsvolles Vorhaben \u2013 z\u00f6gern Sie nicht, Unterst\u00fctzung von Experten einzuholen.<\/p>\n","protected":false},"excerpt":{"rendered":"<p>Sich mit der Lebensqualit\u00e4t am Arbeitsplatz zu befassen bedeutet, das Wohlbefinden der Mitarbeiter mit der Leistung des Unternehmens zu kombinieren. Heutzutage wird diese Vorgehensweise von den meisten Angestellten als essentiell empfunden, um ihre Motivation aufrechtzuerhalten. Lebensqualit\u00e4t am Arbeitsplatz in der Schweiz Es ist schwierig, Mitarbeiter dauerhaft an ein Unternehmen zu binden und so Personal-Fluktuation zu &#8230; <a title=\"Mehr Lebensqualit\u00e4t am Arbeitsplatz \u2013 Herausforderungen im Jahr 2018\" class=\"read-more\" href=\"https:\/\/www.swibeco.ch\/de\/mehr-lebensqualitaet-am-arbeitsplatz-herausforderungen-im-jahr-2018\/\" aria-label=\"Mehr Informationen \u00fcber Mehr Lebensqualit\u00e4t am Arbeitsplatz \u2013 Herausforderungen im Jahr 2018\">Lire plus<\/a><\/p>\n","protected":false},"author":1,"featured_media":35603,"comment_status":"closed","ping_status":"closed","sticky":false,"template":"","format":"standard","meta":{"_acf_changed":false,"footnotes":""},"categories":[93],"tags":[],"class_list":["post-11356","post","type-post","status-publish","format-standard","has-post-thumbnail","hentry","category-personalwesen","generate-columns","tablet-grid-50","mobile-grid-100","grid-parent","grid-25","resize-featured-image"],"acf":[],"yoast_head":"<!-- This site is optimized with the Yoast SEO Premium plugin v27.4 (Yoast SEO v27.4) - https:\/\/yoast.com\/product\/yoast-seo-premium-wordpress\/ -->\n<title>Mehr Lebensqualit\u00e4t am Arbeitsplatz \u2013 Herausforderungen im Jahr 2018 | Swibeco<\/title>\n<meta name=\"description\" content=\"Sich mit der Lebensqualit\u00e4t am Arbeitsplatz zu befassen bedeutet, das Wohlbefinden der Mitarbeiter mit der Leistung des Unternehmens zu kombinieren.\" \/>\n<meta name=\"robots\" content=\"index, follow, max-snippet:-1, max-image-preview:large, max-video-preview:-1\" \/>\n<link rel=\"canonical\" href=\"https:\/\/www.swibeco.ch\/de\/mehr-lebensqualitaet-am-arbeitsplatz-herausforderungen-im-jahr-2018\/\" \/>\n<meta property=\"og:locale\" content=\"de_DE\" \/>\n<meta property=\"og:type\" content=\"article\" \/>\n<meta property=\"og:title\" content=\"Mehr Lebensqualit\u00e4t am Arbeitsplatz \u2013 Herausforderungen im Jahr 2018\" \/>\n<meta property=\"og:description\" content=\"Sich mit der Lebensqualit\u00e4t am Arbeitsplatz zu befassen bedeutet, das Wohlbefinden der Mitarbeiter mit der Leistung des Unternehmens zu kombinieren.\" \/>\n<meta property=\"og:url\" content=\"https:\/\/www.swibeco.ch\/de\/mehr-lebensqualitaet-am-arbeitsplatz-herausforderungen-im-jahr-2018\/\" \/>\n<meta property=\"og:site_name\" content=\"Swibeco\" \/>\n<meta property=\"article:published_time\" content=\"2018-03-04T23:00:00+00:00\" \/>\n<meta property=\"article:modified_time\" content=\"2024-07-16T10:11:14+00:00\" \/>\n<meta property=\"og:image\" content=\"https:\/\/www.swibeco.ch\/wp-content\/uploads\/swibeco-opengraph.jpg\" \/>\n\t<meta property=\"og:image:width\" content=\"713\" \/>\n\t<meta property=\"og:image:height\" content=\"476\" \/>\n\t<meta property=\"og:image:type\" content=\"image\/jpeg\" \/>\n<meta name=\"author\" content=\"marie\" \/>\n<meta name=\"twitter:card\" content=\"summary_large_image\" \/>\n<meta name=\"twitter:label1\" content=\"Verfasst von\" \/>\n\t<meta name=\"twitter:data1\" content=\"marie\" \/>\n\t<meta name=\"twitter:label2\" content=\"Gesch\u00e4tzte Lesezeit\" \/>\n\t<meta name=\"twitter:data2\" content=\"3\u00a0Minuten\" \/>\n<script type=\"application\/ld+json\" class=\"yoast-schema-graph\">{\"@context\":\"https:\\\/\\\/schema.org\",\"@graph\":[{\"@type\":\"Article\",\"@id\":\"https:\\\/\\\/www.swibeco.ch\\\/de\\\/mehr-lebensqualitaet-am-arbeitsplatz-herausforderungen-im-jahr-2018\\\/#article\",\"isPartOf\":{\"@id\":\"https:\\\/\\\/www.swibeco.ch\\\/de\\\/mehr-lebensqualitaet-am-arbeitsplatz-herausforderungen-im-jahr-2018\\\/\"},\"author\":{\"name\":\"marie\",\"@id\":\"https:\\\/\\\/www.swibeco.ch\\\/de\\\/#\\\/schema\\\/person\\\/92bb2205dab47232a98411cfdf405819\"},\"headline\":\"Mehr Lebensqualit\u00e4t am Arbeitsplatz \u2013 Herausforderungen im Jahr 2018\",\"datePublished\":\"2018-03-04T23:00:00+00:00\",\"dateModified\":\"2024-07-16T10:11:14+00:00\",\"mainEntityOfPage\":{\"@id\":\"https:\\\/\\\/www.swibeco.ch\\\/de\\\/mehr-lebensqualitaet-am-arbeitsplatz-herausforderungen-im-jahr-2018\\\/\"},\"wordCount\":679,\"publisher\":{\"@id\":\"https:\\\/\\\/www.swibeco.ch\\\/de\\\/#organization\"},\"image\":{\"@id\":\"https:\\\/\\\/www.swibeco.ch\\\/de\\\/mehr-lebensqualitaet-am-arbeitsplatz-herausforderungen-im-jahr-2018\\\/#primaryimage\"},\"thumbnailUrl\":\"https:\\\/\\\/www.swibeco.ch\\\/wp-content\\\/uploads\\\/blog-swibeco-enjeux-qvt-2018.jpg\",\"articleSection\":[\"HR-Trends\"],\"inLanguage\":\"de\"},{\"@type\":\"WebPage\",\"@id\":\"https:\\\/\\\/www.swibeco.ch\\\/de\\\/mehr-lebensqualitaet-am-arbeitsplatz-herausforderungen-im-jahr-2018\\\/\",\"url\":\"https:\\\/\\\/www.swibeco.ch\\\/de\\\/mehr-lebensqualitaet-am-arbeitsplatz-herausforderungen-im-jahr-2018\\\/\",\"name\":\"Mehr Lebensqualit\u00e4t am Arbeitsplatz \u2013 Herausforderungen im Jahr 2018 | Swibeco\",\"isPartOf\":{\"@id\":\"https:\\\/\\\/www.swibeco.ch\\\/de\\\/#website\"},\"primaryImageOfPage\":{\"@id\":\"https:\\\/\\\/www.swibeco.ch\\\/de\\\/mehr-lebensqualitaet-am-arbeitsplatz-herausforderungen-im-jahr-2018\\\/#primaryimage\"},\"image\":{\"@id\":\"https:\\\/\\\/www.swibeco.ch\\\/de\\\/mehr-lebensqualitaet-am-arbeitsplatz-herausforderungen-im-jahr-2018\\\/#primaryimage\"},\"thumbnailUrl\":\"https:\\\/\\\/www.swibeco.ch\\\/wp-content\\\/uploads\\\/blog-swibeco-enjeux-qvt-2018.jpg\",\"datePublished\":\"2018-03-04T23:00:00+00:00\",\"dateModified\":\"2024-07-16T10:11:14+00:00\",\"description\":\"Sich mit der Lebensqualit\u00e4t am Arbeitsplatz zu befassen bedeutet, das Wohlbefinden der Mitarbeiter mit der Leistung des Unternehmens zu kombinieren.\",\"breadcrumb\":{\"@id\":\"https:\\\/\\\/www.swibeco.ch\\\/de\\\/mehr-lebensqualitaet-am-arbeitsplatz-herausforderungen-im-jahr-2018\\\/#breadcrumb\"},\"inLanguage\":\"de\",\"potentialAction\":[{\"@type\":\"ReadAction\",\"target\":[\"https:\\\/\\\/www.swibeco.ch\\\/de\\\/mehr-lebensqualitaet-am-arbeitsplatz-herausforderungen-im-jahr-2018\\\/\"]}]},{\"@type\":\"ImageObject\",\"inLanguage\":\"de\",\"@id\":\"https:\\\/\\\/www.swibeco.ch\\\/de\\\/mehr-lebensqualitaet-am-arbeitsplatz-herausforderungen-im-jahr-2018\\\/#primaryimage\",\"url\":\"https:\\\/\\\/www.swibeco.ch\\\/wp-content\\\/uploads\\\/blog-swibeco-enjeux-qvt-2018.jpg\",\"contentUrl\":\"https:\\\/\\\/www.swibeco.ch\\\/wp-content\\\/uploads\\\/blog-swibeco-enjeux-qvt-2018.jpg\",\"width\":713,\"height\":476,\"caption\":\"Swibeco- Quels sont les enjeux de la QVT en 2018\u00a0?\"},{\"@type\":\"BreadcrumbList\",\"@id\":\"https:\\\/\\\/www.swibeco.ch\\\/de\\\/mehr-lebensqualitaet-am-arbeitsplatz-herausforderungen-im-jahr-2018\\\/#breadcrumb\",\"itemListElement\":[{\"@type\":\"ListItem\",\"position\":1,\"name\":\"Accueil\",\"item\":\"https:\\\/\\\/www.swibeco.ch\\\/de\\\/\"},{\"@type\":\"ListItem\",\"position\":2,\"name\":\"Mehr Lebensqualit\u00e4t am Arbeitsplatz \u2013 Herausforderungen im Jahr 2018\"}]},{\"@type\":\"WebSite\",\"@id\":\"https:\\\/\\\/www.swibeco.ch\\\/de\\\/#website\",\"url\":\"https:\\\/\\\/www.swibeco.ch\\\/de\\\/\",\"name\":\"Swibeco\",\"description\":\"Flexible Benefits for Real Impact\",\"publisher\":{\"@id\":\"https:\\\/\\\/www.swibeco.ch\\\/de\\\/#organization\"},\"potentialAction\":[{\"@type\":\"SearchAction\",\"target\":{\"@type\":\"EntryPoint\",\"urlTemplate\":\"https:\\\/\\\/www.swibeco.ch\\\/de\\\/?s={search_term_string}\"},\"query-input\":{\"@type\":\"PropertyValueSpecification\",\"valueRequired\":true,\"valueName\":\"search_term_string\"}}],\"inLanguage\":\"de\"},{\"@type\":\"Organization\",\"@id\":\"https:\\\/\\\/www.swibeco.ch\\\/de\\\/#organization\",\"name\":\"SWIBECO\",\"url\":\"https:\\\/\\\/www.swibeco.ch\\\/de\\\/\",\"logo\":{\"@type\":\"ImageObject\",\"inLanguage\":\"de\",\"@id\":\"https:\\\/\\\/www.swibeco.ch\\\/de\\\/#\\\/schema\\\/logo\\\/image\\\/\",\"url\":\"https:\\\/\\\/www.swibeco.ch\\\/wp-content\\\/uploads\\\/logo-swibeco.svg\",\"contentUrl\":\"https:\\\/\\\/www.swibeco.ch\\\/wp-content\\\/uploads\\\/logo-swibeco.svg\",\"width\":300,\"height\":110,\"caption\":\"SWIBECO\"},\"image\":{\"@id\":\"https:\\\/\\\/www.swibeco.ch\\\/de\\\/#\\\/schema\\\/logo\\\/image\\\/\"},\"sameAs\":[\"https:\\\/\\\/www.linkedin.com\\\/company\\\/swibeco\\\/\"]},{\"@type\":\"Person\",\"@id\":\"https:\\\/\\\/www.swibeco.ch\\\/de\\\/#\\\/schema\\\/person\\\/92bb2205dab47232a98411cfdf405819\",\"name\":\"marie\",\"image\":{\"@type\":\"ImageObject\",\"inLanguage\":\"de\",\"@id\":\"https:\\\/\\\/secure.gravatar.com\\\/avatar\\\/e04cbea7620b9a449ff4e02ff927e2aec7c3b555bf31036533b08837c34d28ed?s=96&d=mm&r=g\",\"url\":\"https:\\\/\\\/secure.gravatar.com\\\/avatar\\\/e04cbea7620b9a449ff4e02ff927e2aec7c3b555bf31036533b08837c34d28ed?s=96&d=mm&r=g\",\"contentUrl\":\"https:\\\/\\\/secure.gravatar.com\\\/avatar\\\/e04cbea7620b9a449ff4e02ff927e2aec7c3b555bf31036533b08837c34d28ed?s=96&d=mm&r=g\",\"caption\":\"marie\"},\"sameAs\":[\"https:\\\/\\\/www.swibeco.ch\"]}]}<\/script>\n<!-- \/ Yoast SEO Premium plugin. -->","yoast_head_json":{"title":"Mehr Lebensqualit\u00e4t am Arbeitsplatz \u2013 Herausforderungen im Jahr 2018 | Swibeco","description":"Sich mit der Lebensqualit\u00e4t am Arbeitsplatz zu befassen bedeutet, das Wohlbefinden der Mitarbeiter mit der Leistung des Unternehmens zu kombinieren.","robots":{"index":"index","follow":"follow","max-snippet":"max-snippet:-1","max-image-preview":"max-image-preview:large","max-video-preview":"max-video-preview:-1"},"canonical":"https:\/\/www.swibeco.ch\/de\/mehr-lebensqualitaet-am-arbeitsplatz-herausforderungen-im-jahr-2018\/","og_locale":"de_DE","og_type":"article","og_title":"Mehr Lebensqualit\u00e4t am Arbeitsplatz \u2013 Herausforderungen im Jahr 2018","og_description":"Sich mit der Lebensqualit\u00e4t am Arbeitsplatz zu befassen bedeutet, das Wohlbefinden der Mitarbeiter mit der Leistung des Unternehmens zu kombinieren.","og_url":"https:\/\/www.swibeco.ch\/de\/mehr-lebensqualitaet-am-arbeitsplatz-herausforderungen-im-jahr-2018\/","og_site_name":"Swibeco","article_published_time":"2018-03-04T23:00:00+00:00","article_modified_time":"2024-07-16T10:11:14+00:00","og_image":[{"width":713,"height":476,"url":"https:\/\/www.swibeco.ch\/wp-content\/uploads\/swibeco-opengraph.jpg","type":"image\/jpeg"}],"author":"marie","twitter_card":"summary_large_image","twitter_misc":{"Verfasst von":"marie","Gesch\u00e4tzte Lesezeit":"3\u00a0Minuten"},"schema":{"@context":"https:\/\/schema.org","@graph":[{"@type":"Article","@id":"https:\/\/www.swibeco.ch\/de\/mehr-lebensqualitaet-am-arbeitsplatz-herausforderungen-im-jahr-2018\/#article","isPartOf":{"@id":"https:\/\/www.swibeco.ch\/de\/mehr-lebensqualitaet-am-arbeitsplatz-herausforderungen-im-jahr-2018\/"},"author":{"name":"marie","@id":"https:\/\/www.swibeco.ch\/de\/#\/schema\/person\/92bb2205dab47232a98411cfdf405819"},"headline":"Mehr Lebensqualit\u00e4t am Arbeitsplatz \u2013 Herausforderungen im Jahr 2018","datePublished":"2018-03-04T23:00:00+00:00","dateModified":"2024-07-16T10:11:14+00:00","mainEntityOfPage":{"@id":"https:\/\/www.swibeco.ch\/de\/mehr-lebensqualitaet-am-arbeitsplatz-herausforderungen-im-jahr-2018\/"},"wordCount":679,"publisher":{"@id":"https:\/\/www.swibeco.ch\/de\/#organization"},"image":{"@id":"https:\/\/www.swibeco.ch\/de\/mehr-lebensqualitaet-am-arbeitsplatz-herausforderungen-im-jahr-2018\/#primaryimage"},"thumbnailUrl":"https:\/\/www.swibeco.ch\/wp-content\/uploads\/blog-swibeco-enjeux-qvt-2018.jpg","articleSection":["HR-Trends"],"inLanguage":"de"},{"@type":"WebPage","@id":"https:\/\/www.swibeco.ch\/de\/mehr-lebensqualitaet-am-arbeitsplatz-herausforderungen-im-jahr-2018\/","url":"https:\/\/www.swibeco.ch\/de\/mehr-lebensqualitaet-am-arbeitsplatz-herausforderungen-im-jahr-2018\/","name":"Mehr Lebensqualit\u00e4t am Arbeitsplatz \u2013 Herausforderungen im Jahr 2018 | Swibeco","isPartOf":{"@id":"https:\/\/www.swibeco.ch\/de\/#website"},"primaryImageOfPage":{"@id":"https:\/\/www.swibeco.ch\/de\/mehr-lebensqualitaet-am-arbeitsplatz-herausforderungen-im-jahr-2018\/#primaryimage"},"image":{"@id":"https:\/\/www.swibeco.ch\/de\/mehr-lebensqualitaet-am-arbeitsplatz-herausforderungen-im-jahr-2018\/#primaryimage"},"thumbnailUrl":"https:\/\/www.swibeco.ch\/wp-content\/uploads\/blog-swibeco-enjeux-qvt-2018.jpg","datePublished":"2018-03-04T23:00:00+00:00","dateModified":"2024-07-16T10:11:14+00:00","description":"Sich mit der Lebensqualit\u00e4t am Arbeitsplatz zu befassen bedeutet, das Wohlbefinden der Mitarbeiter mit der Leistung des Unternehmens zu kombinieren.","breadcrumb":{"@id":"https:\/\/www.swibeco.ch\/de\/mehr-lebensqualitaet-am-arbeitsplatz-herausforderungen-im-jahr-2018\/#breadcrumb"},"inLanguage":"de","potentialAction":[{"@type":"ReadAction","target":["https:\/\/www.swibeco.ch\/de\/mehr-lebensqualitaet-am-arbeitsplatz-herausforderungen-im-jahr-2018\/"]}]},{"@type":"ImageObject","inLanguage":"de","@id":"https:\/\/www.swibeco.ch\/de\/mehr-lebensqualitaet-am-arbeitsplatz-herausforderungen-im-jahr-2018\/#primaryimage","url":"https:\/\/www.swibeco.ch\/wp-content\/uploads\/blog-swibeco-enjeux-qvt-2018.jpg","contentUrl":"https:\/\/www.swibeco.ch\/wp-content\/uploads\/blog-swibeco-enjeux-qvt-2018.jpg","width":713,"height":476,"caption":"Swibeco- Quels sont les enjeux de la QVT en 2018\u00a0?"},{"@type":"BreadcrumbList","@id":"https:\/\/www.swibeco.ch\/de\/mehr-lebensqualitaet-am-arbeitsplatz-herausforderungen-im-jahr-2018\/#breadcrumb","itemListElement":[{"@type":"ListItem","position":1,"name":"Accueil","item":"https:\/\/www.swibeco.ch\/de\/"},{"@type":"ListItem","position":2,"name":"Mehr Lebensqualit\u00e4t am Arbeitsplatz \u2013 Herausforderungen im Jahr 2018"}]},{"@type":"WebSite","@id":"https:\/\/www.swibeco.ch\/de\/#website","url":"https:\/\/www.swibeco.ch\/de\/","name":"Swibeco","description":"Flexible Benefits for Real Impact","publisher":{"@id":"https:\/\/www.swibeco.ch\/de\/#organization"},"potentialAction":[{"@type":"SearchAction","target":{"@type":"EntryPoint","urlTemplate":"https:\/\/www.swibeco.ch\/de\/?s={search_term_string}"},"query-input":{"@type":"PropertyValueSpecification","valueRequired":true,"valueName":"search_term_string"}}],"inLanguage":"de"},{"@type":"Organization","@id":"https:\/\/www.swibeco.ch\/de\/#organization","name":"SWIBECO","url":"https:\/\/www.swibeco.ch\/de\/","logo":{"@type":"ImageObject","inLanguage":"de","@id":"https:\/\/www.swibeco.ch\/de\/#\/schema\/logo\/image\/","url":"https:\/\/www.swibeco.ch\/wp-content\/uploads\/logo-swibeco.svg","contentUrl":"https:\/\/www.swibeco.ch\/wp-content\/uploads\/logo-swibeco.svg","width":300,"height":110,"caption":"SWIBECO"},"image":{"@id":"https:\/\/www.swibeco.ch\/de\/#\/schema\/logo\/image\/"},"sameAs":["https:\/\/www.linkedin.com\/company\/swibeco\/"]},{"@type":"Person","@id":"https:\/\/www.swibeco.ch\/de\/#\/schema\/person\/92bb2205dab47232a98411cfdf405819","name":"marie","image":{"@type":"ImageObject","inLanguage":"de","@id":"https:\/\/secure.gravatar.com\/avatar\/e04cbea7620b9a449ff4e02ff927e2aec7c3b555bf31036533b08837c34d28ed?s=96&d=mm&r=g","url":"https:\/\/secure.gravatar.com\/avatar\/e04cbea7620b9a449ff4e02ff927e2aec7c3b555bf31036533b08837c34d28ed?s=96&d=mm&r=g","contentUrl":"https:\/\/secure.gravatar.com\/avatar\/e04cbea7620b9a449ff4e02ff927e2aec7c3b555bf31036533b08837c34d28ed?s=96&d=mm&r=g","caption":"marie"},"sameAs":["https:\/\/www.swibeco.ch"]}]}},"_links":{"self":[{"href":"https:\/\/www.swibeco.ch\/de\/wp-json\/wp\/v2\/posts\/11356","targetHints":{"allow":["GET"]}}],"collection":[{"href":"https:\/\/www.swibeco.ch\/de\/wp-json\/wp\/v2\/posts"}],"about":[{"href":"https:\/\/www.swibeco.ch\/de\/wp-json\/wp\/v2\/types\/post"}],"author":[{"embeddable":true,"href":"https:\/\/www.swibeco.ch\/de\/wp-json\/wp\/v2\/users\/1"}],"replies":[{"embeddable":true,"href":"https:\/\/www.swibeco.ch\/de\/wp-json\/wp\/v2\/comments?post=11356"}],"version-history":[{"count":0,"href":"https:\/\/www.swibeco.ch\/de\/wp-json\/wp\/v2\/posts\/11356\/revisions"}],"wp:featuredmedia":[{"embeddable":true,"href":"https:\/\/www.swibeco.ch\/de\/wp-json\/wp\/v2\/media\/35603"}],"wp:attachment":[{"href":"https:\/\/www.swibeco.ch\/de\/wp-json\/wp\/v2\/media?parent=11356"}],"wp:term":[{"taxonomy":"category","embeddable":true,"href":"https:\/\/www.swibeco.ch\/de\/wp-json\/wp\/v2\/categories?post=11356"},{"taxonomy":"post_tag","embeddable":true,"href":"https:\/\/www.swibeco.ch\/de\/wp-json\/wp\/v2\/tags?post=11356"}],"curies":[{"name":"wp","href":"https:\/\/api.w.org\/{rel}","templated":true}]}}