{"id":46540,"date":"2025-11-10T13:13:00","date_gmt":"2025-11-10T12:13:00","guid":{"rendered":"https:\/\/www.swibeco.ch\/?p=46540"},"modified":"2025-12-04T13:15:11","modified_gmt":"2025-12-04T12:15:11","slug":"webinar-with-jobcloud","status":"publish","type":"post","link":"https:\/\/www.swibeco.ch\/en\/webinar-with-jobcloud\/","title":{"rendered":"Webinar with JobCloud"},"content":{"rendered":"\n<p><strong>Salaries under pressure? The employee benefits that make the difference<\/strong>.<\/p>\n\n\n\n<p>We recently co-hosted a webinar with JobCloud focusing on a major issue: the decline in employees\u2019 purchasing power, in a context where increasing salaries has become a challenge for many companies.<\/p>\n\n\n\n<p>Our CEO and founder, Ivan Brustlein, shared a clear message: structured and flexible benefits can generate real value for employees \u2014 without increasing company costs. Gift budgets, sustainable mobility or lunch allowances strengthen recognition and engagement, while simplifying HR management. These perks, optimized for tax and social security exemptions, are no longer just \u201cnice-to-have\u201d, but concrete levers for everyday support.<\/p>\n\n\n\n<p>JobCloud\u2019s full article includes the webinar replay, key figures and all the shared resources.<br><br><\/p>\n\n\n\n<a class=\"gb-button gb-button-7197f6fe gb-button-text\" href=\"https:\/\/www.jobcloud.ch\/c\/fr-ch\/blog\/2025\/11\/salaires-sous-tension-les-avantages-collaborateurs-qui-font-la-difference\/\" target=\"_blank\" rel=\"noopener noreferrer\">To (re)watch the session or learn more, visit their page directly<\/a>\n\n\n\n<p><\/p>\n","protected":false},"excerpt":{"rendered":"<p>Salaries under pressure? The employee benefits that make the difference. We recently co-hosted a webinar with JobCloud focusing on a major issue: the decline in employees\u2019 purchasing power, in a context where increasing salaries has become a challenge for many companies. Our CEO and founder, Ivan Brustlein, shared a clear message: structured and flexible benefits &#8230; <a title=\"Webinar with JobCloud\" class=\"read-more\" href=\"https:\/\/www.swibeco.ch\/en\/webinar-with-jobcloud\/\" aria-label=\"Read more about Webinar with JobCloud\">Lire plus<\/a><\/p>\n","protected":false},"author":11,"featured_media":46530,"comment_status":"closed","ping_status":"closed","sticky":false,"template":"","format":"standard","meta":{"_acf_changed":false,"footnotes":""},"categories":[84],"tags":[],"class_list":["post-46540","post","type-post","status-publish","format-standard","has-post-thumbnail","hentry","category-human-ressources","generate-columns","tablet-grid-50","mobile-grid-100","grid-parent","grid-25","resize-featured-image"],"acf":[],"yoast_head":"<!-- This site is optimized with the Yoast SEO Premium plugin v27.4 (Yoast SEO v27.4) - https:\/\/yoast.com\/product\/yoast-seo-premium-wordpress\/ -->\n<title>Webinar with JobCloud | Swibeco<\/title>\n<meta name=\"robots\" content=\"index, follow, max-snippet:-1, max-image-preview:large, max-video-preview:-1\" \/>\n<link rel=\"canonical\" href=\"https:\/\/www.swibeco.ch\/en\/webinar-with-jobcloud\/\" \/>\n<meta property=\"og:locale\" content=\"en_US\" \/>\n<meta property=\"og:type\" content=\"article\" \/>\n<meta property=\"og:title\" content=\"Webinar with JobCloud\" \/>\n<meta property=\"og:description\" content=\"Salaries under pressure? The employee benefits that make the difference. We recently co-hosted a webinar with JobCloud focusing on a major issue: the decline in employees\u2019 purchasing power, in a context where increasing salaries has become a challenge for many companies. Our CEO and founder, Ivan Brustlein, shared a clear message: structured and flexible benefits ... Lire plus\" \/>\n<meta property=\"og:url\" content=\"https:\/\/www.swibeco.ch\/en\/webinar-with-jobcloud\/\" \/>\n<meta property=\"og:site_name\" content=\"Swibeco\" \/>\n<meta property=\"article:published_time\" content=\"2025-11-10T12:13:00+00:00\" \/>\n<meta property=\"article:modified_time\" content=\"2025-12-04T12:15:11+00:00\" \/>\n<meta property=\"og:image\" content=\"https:\/\/www.swibeco.ch\/wp-content\/uploads\/swibeco-opengraph.jpg\" \/>\n\t<meta property=\"og:image:width\" content=\"1200\" \/>\n\t<meta property=\"og:image:height\" content=\"630\" \/>\n\t<meta property=\"og:image:type\" content=\"image\/jpeg\" \/>\n<meta name=\"author\" content=\"Charl\u00e8ne Milliquet\" \/>\n<meta name=\"twitter:card\" content=\"summary_large_image\" \/>\n<meta name=\"twitter:label1\" content=\"Written by\" \/>\n\t<meta name=\"twitter:data1\" content=\"Charl\u00e8ne Milliquet\" \/>\n\t<meta name=\"twitter:label2\" content=\"Est. reading time\" \/>\n\t<meta name=\"twitter:data2\" content=\"1 minute\" \/>\n<script type=\"application\/ld+json\" class=\"yoast-schema-graph\">{\"@context\":\"https:\\\/\\\/schema.org\",\"@graph\":[{\"@type\":\"Article\",\"@id\":\"https:\\\/\\\/www.swibeco.ch\\\/en\\\/webinar-with-jobcloud\\\/#article\",\"isPartOf\":{\"@id\":\"https:\\\/\\\/www.swibeco.ch\\\/en\\\/webinar-with-jobcloud\\\/\"},\"author\":{\"name\":\"Charl\u00e8ne Milliquet\",\"@id\":\"https:\\\/\\\/www.swibeco.ch\\\/en\\\/#\\\/schema\\\/person\\\/9ca6543250afc7e15ea937899dc17eeb\"},\"headline\":\"Webinar with JobCloud\",\"datePublished\":\"2025-11-10T12:13:00+00:00\",\"dateModified\":\"2025-12-04T12:15:11+00:00\",\"mainEntityOfPage\":{\"@id\":\"https:\\\/\\\/www.swibeco.ch\\\/en\\\/webinar-with-jobcloud\\\/\"},\"wordCount\":130,\"publisher\":{\"@id\":\"https:\\\/\\\/www.swibeco.ch\\\/en\\\/#organization\"},\"image\":{\"@id\":\"https:\\\/\\\/www.swibeco.ch\\\/en\\\/webinar-with-jobcloud\\\/#primaryimage\"},\"thumbnailUrl\":\"https:\\\/\\\/www.swibeco.ch\\\/wp-content\\\/uploads\\\/MKT_I_Blog-articles-cover.jpg\",\"articleSection\":[\"HR Trends\"],\"inLanguage\":\"en-US\"},{\"@type\":\"WebPage\",\"@id\":\"https:\\\/\\\/www.swibeco.ch\\\/en\\\/webinar-with-jobcloud\\\/\",\"url\":\"https:\\\/\\\/www.swibeco.ch\\\/en\\\/webinar-with-jobcloud\\\/\",\"name\":\"Webinar with JobCloud | Swibeco\",\"isPartOf\":{\"@id\":\"https:\\\/\\\/www.swibeco.ch\\\/en\\\/#website\"},\"primaryImageOfPage\":{\"@id\":\"https:\\\/\\\/www.swibeco.ch\\\/en\\\/webinar-with-jobcloud\\\/#primaryimage\"},\"image\":{\"@id\":\"https:\\\/\\\/www.swibeco.ch\\\/en\\\/webinar-with-jobcloud\\\/#primaryimage\"},\"thumbnailUrl\":\"https:\\\/\\\/www.swibeco.ch\\\/wp-content\\\/uploads\\\/MKT_I_Blog-articles-cover.jpg\",\"datePublished\":\"2025-11-10T12:13:00+00:00\",\"dateModified\":\"2025-12-04T12:15:11+00:00\",\"breadcrumb\":{\"@id\":\"https:\\\/\\\/www.swibeco.ch\\\/en\\\/webinar-with-jobcloud\\\/#breadcrumb\"},\"inLanguage\":\"en-US\",\"potentialAction\":[{\"@type\":\"ReadAction\",\"target\":[\"https:\\\/\\\/www.swibeco.ch\\\/en\\\/webinar-with-jobcloud\\\/\"]}]},{\"@type\":\"ImageObject\",\"inLanguage\":\"en-US\",\"@id\":\"https:\\\/\\\/www.swibeco.ch\\\/en\\\/webinar-with-jobcloud\\\/#primaryimage\",\"url\":\"https:\\\/\\\/www.swibeco.ch\\\/wp-content\\\/uploads\\\/MKT_I_Blog-articles-cover.jpg\",\"contentUrl\":\"https:\\\/\\\/www.swibeco.ch\\\/wp-content\\\/uploads\\\/MKT_I_Blog-articles-cover.jpg\",\"width\":1200,\"height\":630,\"caption\":\"Photo d\u2019Ivan Brustlein, CEO et fondateur de Swibeco SA, et de Myl\u00e8ne Bourg, m\u00e9diatrice chez JobCloud, lors du tournage du webinaire d\u00e9di\u00e9 aux avantages collaborateurs.\"},{\"@type\":\"BreadcrumbList\",\"@id\":\"https:\\\/\\\/www.swibeco.ch\\\/en\\\/webinar-with-jobcloud\\\/#breadcrumb\",\"itemListElement\":[{\"@type\":\"ListItem\",\"position\":1,\"name\":\"Accueil\",\"item\":\"https:\\\/\\\/www.swibeco.ch\\\/en\\\/\"},{\"@type\":\"ListItem\",\"position\":2,\"name\":\"Webinar with JobCloud\"}]},{\"@type\":\"WebSite\",\"@id\":\"https:\\\/\\\/www.swibeco.ch\\\/en\\\/#website\",\"url\":\"https:\\\/\\\/www.swibeco.ch\\\/en\\\/\",\"name\":\"Swibeco\",\"description\":\"Flexible Benefits for Real Impact\",\"publisher\":{\"@id\":\"https:\\\/\\\/www.swibeco.ch\\\/en\\\/#organization\"},\"potentialAction\":[{\"@type\":\"SearchAction\",\"target\":{\"@type\":\"EntryPoint\",\"urlTemplate\":\"https:\\\/\\\/www.swibeco.ch\\\/en\\\/?s={search_term_string}\"},\"query-input\":{\"@type\":\"PropertyValueSpecification\",\"valueRequired\":true,\"valueName\":\"search_term_string\"}}],\"inLanguage\":\"en-US\"},{\"@type\":\"Organization\",\"@id\":\"https:\\\/\\\/www.swibeco.ch\\\/en\\\/#organization\",\"name\":\"SWIBECO\",\"url\":\"https:\\\/\\\/www.swibeco.ch\\\/en\\\/\",\"logo\":{\"@type\":\"ImageObject\",\"inLanguage\":\"en-US\",\"@id\":\"https:\\\/\\\/www.swibeco.ch\\\/en\\\/#\\\/schema\\\/logo\\\/image\\\/\",\"url\":\"https:\\\/\\\/www.swibeco.ch\\\/wp-content\\\/uploads\\\/logo-swibeco.svg\",\"contentUrl\":\"https:\\\/\\\/www.swibeco.ch\\\/wp-content\\\/uploads\\\/logo-swibeco.svg\",\"width\":300,\"height\":110,\"caption\":\"SWIBECO\"},\"image\":{\"@id\":\"https:\\\/\\\/www.swibeco.ch\\\/en\\\/#\\\/schema\\\/logo\\\/image\\\/\"},\"sameAs\":[\"https:\\\/\\\/www.linkedin.com\\\/company\\\/swibeco\\\/\"]},{\"@type\":\"Person\",\"@id\":\"https:\\\/\\\/www.swibeco.ch\\\/en\\\/#\\\/schema\\\/person\\\/9ca6543250afc7e15ea937899dc17eeb\",\"name\":\"Charl\u00e8ne Milliquet\",\"image\":{\"@type\":\"ImageObject\",\"inLanguage\":\"en-US\",\"@id\":\"https:\\\/\\\/secure.gravatar.com\\\/avatar\\\/6dce920e2f953a42c753f99ffdfbeac65c7a08a0c0a18b80fd4dbcef28e9fd17?s=96&d=mm&r=g\",\"url\":\"https:\\\/\\\/secure.gravatar.com\\\/avatar\\\/6dce920e2f953a42c753f99ffdfbeac65c7a08a0c0a18b80fd4dbcef28e9fd17?s=96&d=mm&r=g\",\"contentUrl\":\"https:\\\/\\\/secure.gravatar.com\\\/avatar\\\/6dce920e2f953a42c753f99ffdfbeac65c7a08a0c0a18b80fd4dbcef28e9fd17?s=96&d=mm&r=g\",\"caption\":\"Charl\u00e8ne Milliquet\"}}]}<\/script>\n<!-- \/ Yoast SEO Premium plugin. -->","yoast_head_json":{"title":"Webinar with JobCloud | Swibeco","robots":{"index":"index","follow":"follow","max-snippet":"max-snippet:-1","max-image-preview":"max-image-preview:large","max-video-preview":"max-video-preview:-1"},"canonical":"https:\/\/www.swibeco.ch\/en\/webinar-with-jobcloud\/","og_locale":"en_US","og_type":"article","og_title":"Webinar with JobCloud","og_description":"Salaries under pressure? The employee benefits that make the difference. We recently co-hosted a webinar with JobCloud focusing on a major issue: the decline in employees\u2019 purchasing power, in a context where increasing salaries has become a challenge for many companies. Our CEO and founder, Ivan Brustlein, shared a clear message: structured and flexible benefits ... Lire plus","og_url":"https:\/\/www.swibeco.ch\/en\/webinar-with-jobcloud\/","og_site_name":"Swibeco","article_published_time":"2025-11-10T12:13:00+00:00","article_modified_time":"2025-12-04T12:15:11+00:00","og_image":[{"width":1200,"height":630,"url":"https:\/\/www.swibeco.ch\/wp-content\/uploads\/swibeco-opengraph.jpg","type":"image\/jpeg"}],"author":"Charl\u00e8ne Milliquet","twitter_card":"summary_large_image","twitter_misc":{"Written by":"Charl\u00e8ne Milliquet","Est. reading time":"1 minute"},"schema":{"@context":"https:\/\/schema.org","@graph":[{"@type":"Article","@id":"https:\/\/www.swibeco.ch\/en\/webinar-with-jobcloud\/#article","isPartOf":{"@id":"https:\/\/www.swibeco.ch\/en\/webinar-with-jobcloud\/"},"author":{"name":"Charl\u00e8ne Milliquet","@id":"https:\/\/www.swibeco.ch\/en\/#\/schema\/person\/9ca6543250afc7e15ea937899dc17eeb"},"headline":"Webinar with JobCloud","datePublished":"2025-11-10T12:13:00+00:00","dateModified":"2025-12-04T12:15:11+00:00","mainEntityOfPage":{"@id":"https:\/\/www.swibeco.ch\/en\/webinar-with-jobcloud\/"},"wordCount":130,"publisher":{"@id":"https:\/\/www.swibeco.ch\/en\/#organization"},"image":{"@id":"https:\/\/www.swibeco.ch\/en\/webinar-with-jobcloud\/#primaryimage"},"thumbnailUrl":"https:\/\/www.swibeco.ch\/wp-content\/uploads\/MKT_I_Blog-articles-cover.jpg","articleSection":["HR Trends"],"inLanguage":"en-US"},{"@type":"WebPage","@id":"https:\/\/www.swibeco.ch\/en\/webinar-with-jobcloud\/","url":"https:\/\/www.swibeco.ch\/en\/webinar-with-jobcloud\/","name":"Webinar with JobCloud | Swibeco","isPartOf":{"@id":"https:\/\/www.swibeco.ch\/en\/#website"},"primaryImageOfPage":{"@id":"https:\/\/www.swibeco.ch\/en\/webinar-with-jobcloud\/#primaryimage"},"image":{"@id":"https:\/\/www.swibeco.ch\/en\/webinar-with-jobcloud\/#primaryimage"},"thumbnailUrl":"https:\/\/www.swibeco.ch\/wp-content\/uploads\/MKT_I_Blog-articles-cover.jpg","datePublished":"2025-11-10T12:13:00+00:00","dateModified":"2025-12-04T12:15:11+00:00","breadcrumb":{"@id":"https:\/\/www.swibeco.ch\/en\/webinar-with-jobcloud\/#breadcrumb"},"inLanguage":"en-US","potentialAction":[{"@type":"ReadAction","target":["https:\/\/www.swibeco.ch\/en\/webinar-with-jobcloud\/"]}]},{"@type":"ImageObject","inLanguage":"en-US","@id":"https:\/\/www.swibeco.ch\/en\/webinar-with-jobcloud\/#primaryimage","url":"https:\/\/www.swibeco.ch\/wp-content\/uploads\/MKT_I_Blog-articles-cover.jpg","contentUrl":"https:\/\/www.swibeco.ch\/wp-content\/uploads\/MKT_I_Blog-articles-cover.jpg","width":1200,"height":630,"caption":"Photo d\u2019Ivan Brustlein, CEO et fondateur de Swibeco SA, et de Myl\u00e8ne Bourg, m\u00e9diatrice chez JobCloud, lors du tournage du webinaire d\u00e9di\u00e9 aux avantages collaborateurs."},{"@type":"BreadcrumbList","@id":"https:\/\/www.swibeco.ch\/en\/webinar-with-jobcloud\/#breadcrumb","itemListElement":[{"@type":"ListItem","position":1,"name":"Accueil","item":"https:\/\/www.swibeco.ch\/en\/"},{"@type":"ListItem","position":2,"name":"Webinar with JobCloud"}]},{"@type":"WebSite","@id":"https:\/\/www.swibeco.ch\/en\/#website","url":"https:\/\/www.swibeco.ch\/en\/","name":"Swibeco","description":"Flexible Benefits for Real Impact","publisher":{"@id":"https:\/\/www.swibeco.ch\/en\/#organization"},"potentialAction":[{"@type":"SearchAction","target":{"@type":"EntryPoint","urlTemplate":"https:\/\/www.swibeco.ch\/en\/?s={search_term_string}"},"query-input":{"@type":"PropertyValueSpecification","valueRequired":true,"valueName":"search_term_string"}}],"inLanguage":"en-US"},{"@type":"Organization","@id":"https:\/\/www.swibeco.ch\/en\/#organization","name":"SWIBECO","url":"https:\/\/www.swibeco.ch\/en\/","logo":{"@type":"ImageObject","inLanguage":"en-US","@id":"https:\/\/www.swibeco.ch\/en\/#\/schema\/logo\/image\/","url":"https:\/\/www.swibeco.ch\/wp-content\/uploads\/logo-swibeco.svg","contentUrl":"https:\/\/www.swibeco.ch\/wp-content\/uploads\/logo-swibeco.svg","width":300,"height":110,"caption":"SWIBECO"},"image":{"@id":"https:\/\/www.swibeco.ch\/en\/#\/schema\/logo\/image\/"},"sameAs":["https:\/\/www.linkedin.com\/company\/swibeco\/"]},{"@type":"Person","@id":"https:\/\/www.swibeco.ch\/en\/#\/schema\/person\/9ca6543250afc7e15ea937899dc17eeb","name":"Charl\u00e8ne Milliquet","image":{"@type":"ImageObject","inLanguage":"en-US","@id":"https:\/\/secure.gravatar.com\/avatar\/6dce920e2f953a42c753f99ffdfbeac65c7a08a0c0a18b80fd4dbcef28e9fd17?s=96&d=mm&r=g","url":"https:\/\/secure.gravatar.com\/avatar\/6dce920e2f953a42c753f99ffdfbeac65c7a08a0c0a18b80fd4dbcef28e9fd17?s=96&d=mm&r=g","contentUrl":"https:\/\/secure.gravatar.com\/avatar\/6dce920e2f953a42c753f99ffdfbeac65c7a08a0c0a18b80fd4dbcef28e9fd17?s=96&d=mm&r=g","caption":"Charl\u00e8ne Milliquet"}}]}},"_links":{"self":[{"href":"https:\/\/www.swibeco.ch\/en\/wp-json\/wp\/v2\/posts\/46540","targetHints":{"allow":["GET"]}}],"collection":[{"href":"https:\/\/www.swibeco.ch\/en\/wp-json\/wp\/v2\/posts"}],"about":[{"href":"https:\/\/www.swibeco.ch\/en\/wp-json\/wp\/v2\/types\/post"}],"author":[{"embeddable":true,"href":"https:\/\/www.swibeco.ch\/en\/wp-json\/wp\/v2\/users\/11"}],"replies":[{"embeddable":true,"href":"https:\/\/www.swibeco.ch\/en\/wp-json\/wp\/v2\/comments?post=46540"}],"version-history":[{"count":0,"href":"https:\/\/www.swibeco.ch\/en\/wp-json\/wp\/v2\/posts\/46540\/revisions"}],"wp:featuredmedia":[{"embeddable":true,"href":"https:\/\/www.swibeco.ch\/en\/wp-json\/wp\/v2\/media\/46530"}],"wp:attachment":[{"href":"https:\/\/www.swibeco.ch\/en\/wp-json\/wp\/v2\/media?parent=46540"}],"wp:term":[{"taxonomy":"category","embeddable":true,"href":"https:\/\/www.swibeco.ch\/en\/wp-json\/wp\/v2\/categories?post=46540"},{"taxonomy":"post_tag","embeddable":true,"href":"https:\/\/www.swibeco.ch\/en\/wp-json\/wp\/v2\/tags?post=46540"}],"curies":[{"name":"wp","href":"https:\/\/api.w.org\/{rel}","templated":true}]}}