{"id":46532,"date":"2025-11-10T11:22:00","date_gmt":"2025-11-10T10:22:00","guid":{"rendered":"https:\/\/www.swibeco.ch\/?p=46532"},"modified":"2025-12-04T11:39:07","modified_gmt":"2025-12-04T10:39:07","slug":"webinar-con-jobcloud","status":"publish","type":"post","link":"https:\/\/www.swibeco.ch\/it\/webinar-con-jobcloud\/","title":{"rendered":"Webinar con JobCloud"},"content":{"rendered":"\n<p><strong>Salari sotto pressione? I benefit che fanno davvero la differenza<\/strong><\/p>\n\n\n\n<p>Abbiamo recentemente co-condotto un webinar con JobCloud su un tema di grande attualit\u00e0: la riduzione del potere d\u2019acquisto dei collaboratori in un contesto in cui aumentare gli stipendi risulta sempre pi\u00f9 complesso per molte aziende.<br>Il nostro CEO e fondatore, Ivan Brustlein, ha condiviso una visione chiara: benefit ben strutturati e flessibili possono migliorare concretamente la vita quotidiana dei collaboratori senza comportare un aumento dei costi aziendali. Oggi, soluzioni come budget regalo ottimizzati fiscalmente, programmi di mobilit\u00e0 sostenibile o indennit\u00e0 pasto permettono non solo di rafforzare il senso di riconoscimento e l\u2019engagement, ma anche di semplificare la gestione delle risorse umane.<\/p>\n\n\n\n<p>L\u2019articolo completo di JobCloud include la registrazione del webinar, i dati principali e tutte le risorse condivise durante l\u2019evento<br><br><\/p>\n\n\n\n<a class=\"gb-button gb-button-7197f6fe gb-button-text\" href=\"https:\/\/www.jobcloud.ch\/c\/fr-ch\/blog\/2025\/11\/salaires-sous-tension-les-avantages-collaborateurs-qui-font-la-difference\/\" target=\"_blank\" rel=\"noopener noreferrer\">Per rivedere i contenuti o approfondire, \u00e8 possibile visitare direttamente la loro pagina<\/a>\n\n\n\n<p><\/p>\n","protected":false},"excerpt":{"rendered":"<p>Salari sotto pressione? I benefit che fanno davvero la differenza Abbiamo recentemente co-condotto un webinar con JobCloud su un tema di grande attualit\u00e0: la riduzione del potere d\u2019acquisto dei collaboratori in un contesto in cui aumentare gli stipendi risulta sempre pi\u00f9 complesso per molte aziende.Il nostro CEO e fondatore, Ivan Brustlein, ha condiviso una visione &#8230; <a title=\"Webinar con JobCloud\" class=\"read-more\" href=\"https:\/\/www.swibeco.ch\/it\/webinar-con-jobcloud\/\" aria-label=\"Per saperne di pi\u00f9 su Webinar con JobCloud\">Lire plus<\/a><\/p>\n","protected":false},"author":11,"featured_media":46530,"comment_status":"closed","ping_status":"closed","sticky":false,"template":"","format":"standard","meta":{"_acf_changed":false,"footnotes":""},"categories":[106],"tags":[],"class_list":["post-46532","post","type-post","status-publish","format-standard","has-post-thumbnail","hentry","category-tendenze-hrtendenze","generate-columns","tablet-grid-50","mobile-grid-100","grid-parent","grid-25","resize-featured-image"],"acf":[],"yoast_head":"<!-- This site is optimized with the Yoast SEO Premium plugin v27.4 (Yoast SEO v27.4) - https:\/\/yoast.com\/product\/yoast-seo-premium-wordpress\/ -->\n<title>Webinar con JobCloud | Swibeco<\/title>\n<meta name=\"robots\" content=\"index, follow, max-snippet:-1, max-image-preview:large, max-video-preview:-1\" \/>\n<link rel=\"canonical\" href=\"https:\/\/www.swibeco.ch\/it\/webinar-con-jobcloud\/\" \/>\n<meta property=\"og:locale\" content=\"it_IT\" \/>\n<meta property=\"og:type\" content=\"article\" \/>\n<meta property=\"og:title\" content=\"Webinar con JobCloud\" \/>\n<meta property=\"og:description\" content=\"Salari sotto pressione? I benefit che fanno davvero la differenza Abbiamo recentemente co-condotto un webinar con JobCloud su un tema di grande attualit\u00e0: la riduzione del potere d\u2019acquisto dei collaboratori in un contesto in cui aumentare gli stipendi risulta sempre pi\u00f9 complesso per molte aziende.Il nostro CEO e fondatore, Ivan Brustlein, ha condiviso una visione ... Lire plus\" \/>\n<meta property=\"og:url\" content=\"https:\/\/www.swibeco.ch\/it\/webinar-con-jobcloud\/\" \/>\n<meta property=\"og:site_name\" content=\"Swibeco\" \/>\n<meta property=\"article:published_time\" content=\"2025-11-10T10:22:00+00:00\" \/>\n<meta property=\"article:modified_time\" content=\"2025-12-04T10:39:07+00:00\" \/>\n<meta property=\"og:image\" content=\"https:\/\/www.swibeco.ch\/wp-content\/uploads\/swibeco-opengraph.jpg\" \/>\n\t<meta property=\"og:image:width\" content=\"1200\" \/>\n\t<meta property=\"og:image:height\" content=\"630\" \/>\n\t<meta property=\"og:image:type\" content=\"image\/jpeg\" \/>\n<meta name=\"author\" content=\"Charl\u00e8ne Milliquet\" \/>\n<meta name=\"twitter:card\" content=\"summary_large_image\" \/>\n<meta name=\"twitter:label1\" content=\"Scritto da\" \/>\n\t<meta name=\"twitter:data1\" content=\"Charl\u00e8ne Milliquet\" \/>\n\t<meta name=\"twitter:label2\" content=\"Tempo di lettura stimato\" \/>\n\t<meta name=\"twitter:data2\" content=\"1 minuto\" \/>\n<script type=\"application\/ld+json\" class=\"yoast-schema-graph\">{\"@context\":\"https:\\\/\\\/schema.org\",\"@graph\":[{\"@type\":\"Article\",\"@id\":\"https:\\\/\\\/www.swibeco.ch\\\/it\\\/webinar-con-jobcloud\\\/#article\",\"isPartOf\":{\"@id\":\"https:\\\/\\\/www.swibeco.ch\\\/it\\\/webinar-con-jobcloud\\\/\"},\"author\":{\"name\":\"Charl\u00e8ne Milliquet\",\"@id\":\"https:\\\/\\\/www.swibeco.ch\\\/it\\\/#\\\/schema\\\/person\\\/9ca6543250afc7e15ea937899dc17eeb\"},\"headline\":\"Webinar con JobCloud\",\"datePublished\":\"2025-11-10T10:22:00+00:00\",\"dateModified\":\"2025-12-04T10:39:07+00:00\",\"mainEntityOfPage\":{\"@id\":\"https:\\\/\\\/www.swibeco.ch\\\/it\\\/webinar-con-jobcloud\\\/\"},\"wordCount\":149,\"publisher\":{\"@id\":\"https:\\\/\\\/www.swibeco.ch\\\/it\\\/#organization\"},\"image\":{\"@id\":\"https:\\\/\\\/www.swibeco.ch\\\/it\\\/webinar-con-jobcloud\\\/#primaryimage\"},\"thumbnailUrl\":\"https:\\\/\\\/www.swibeco.ch\\\/wp-content\\\/uploads\\\/MKT_I_Blog-articles-cover.jpg\",\"articleSection\":[\"Tendenze HR\"],\"inLanguage\":\"it-IT\"},{\"@type\":\"WebPage\",\"@id\":\"https:\\\/\\\/www.swibeco.ch\\\/it\\\/webinar-con-jobcloud\\\/\",\"url\":\"https:\\\/\\\/www.swibeco.ch\\\/it\\\/webinar-con-jobcloud\\\/\",\"name\":\"Webinar con JobCloud | Swibeco\",\"isPartOf\":{\"@id\":\"https:\\\/\\\/www.swibeco.ch\\\/it\\\/#website\"},\"primaryImageOfPage\":{\"@id\":\"https:\\\/\\\/www.swibeco.ch\\\/it\\\/webinar-con-jobcloud\\\/#primaryimage\"},\"image\":{\"@id\":\"https:\\\/\\\/www.swibeco.ch\\\/it\\\/webinar-con-jobcloud\\\/#primaryimage\"},\"thumbnailUrl\":\"https:\\\/\\\/www.swibeco.ch\\\/wp-content\\\/uploads\\\/MKT_I_Blog-articles-cover.jpg\",\"datePublished\":\"2025-11-10T10:22:00+00:00\",\"dateModified\":\"2025-12-04T10:39:07+00:00\",\"breadcrumb\":{\"@id\":\"https:\\\/\\\/www.swibeco.ch\\\/it\\\/webinar-con-jobcloud\\\/#breadcrumb\"},\"inLanguage\":\"it-IT\",\"potentialAction\":[{\"@type\":\"ReadAction\",\"target\":[\"https:\\\/\\\/www.swibeco.ch\\\/it\\\/webinar-con-jobcloud\\\/\"]}]},{\"@type\":\"ImageObject\",\"inLanguage\":\"it-IT\",\"@id\":\"https:\\\/\\\/www.swibeco.ch\\\/it\\\/webinar-con-jobcloud\\\/#primaryimage\",\"url\":\"https:\\\/\\\/www.swibeco.ch\\\/wp-content\\\/uploads\\\/MKT_I_Blog-articles-cover.jpg\",\"contentUrl\":\"https:\\\/\\\/www.swibeco.ch\\\/wp-content\\\/uploads\\\/MKT_I_Blog-articles-cover.jpg\",\"width\":1200,\"height\":630,\"caption\":\"Photo d\u2019Ivan Brustlein, CEO et fondateur de Swibeco SA, et de Myl\u00e8ne Bourg, m\u00e9diatrice chez JobCloud, lors du tournage du webinaire d\u00e9di\u00e9 aux avantages collaborateurs.\"},{\"@type\":\"BreadcrumbList\",\"@id\":\"https:\\\/\\\/www.swibeco.ch\\\/it\\\/webinar-con-jobcloud\\\/#breadcrumb\",\"itemListElement\":[{\"@type\":\"ListItem\",\"position\":1,\"name\":\"Accueil\",\"item\":\"https:\\\/\\\/www.swibeco.ch\\\/it\\\/\"},{\"@type\":\"ListItem\",\"position\":2,\"name\":\"Webinar con JobCloud\"}]},{\"@type\":\"WebSite\",\"@id\":\"https:\\\/\\\/www.swibeco.ch\\\/it\\\/#website\",\"url\":\"https:\\\/\\\/www.swibeco.ch\\\/it\\\/\",\"name\":\"Swibeco\",\"description\":\"Flexible Benefits for Real Impact\",\"publisher\":{\"@id\":\"https:\\\/\\\/www.swibeco.ch\\\/it\\\/#organization\"},\"potentialAction\":[{\"@type\":\"SearchAction\",\"target\":{\"@type\":\"EntryPoint\",\"urlTemplate\":\"https:\\\/\\\/www.swibeco.ch\\\/it\\\/?s={search_term_string}\"},\"query-input\":{\"@type\":\"PropertyValueSpecification\",\"valueRequired\":true,\"valueName\":\"search_term_string\"}}],\"inLanguage\":\"it-IT\"},{\"@type\":\"Organization\",\"@id\":\"https:\\\/\\\/www.swibeco.ch\\\/it\\\/#organization\",\"name\":\"SWIBECO\",\"url\":\"https:\\\/\\\/www.swibeco.ch\\\/it\\\/\",\"logo\":{\"@type\":\"ImageObject\",\"inLanguage\":\"it-IT\",\"@id\":\"https:\\\/\\\/www.swibeco.ch\\\/it\\\/#\\\/schema\\\/logo\\\/image\\\/\",\"url\":\"https:\\\/\\\/www.swibeco.ch\\\/wp-content\\\/uploads\\\/logo-swibeco.svg\",\"contentUrl\":\"https:\\\/\\\/www.swibeco.ch\\\/wp-content\\\/uploads\\\/logo-swibeco.svg\",\"width\":300,\"height\":110,\"caption\":\"SWIBECO\"},\"image\":{\"@id\":\"https:\\\/\\\/www.swibeco.ch\\\/it\\\/#\\\/schema\\\/logo\\\/image\\\/\"},\"sameAs\":[\"https:\\\/\\\/www.linkedin.com\\\/company\\\/swibeco\\\/\"]},{\"@type\":\"Person\",\"@id\":\"https:\\\/\\\/www.swibeco.ch\\\/it\\\/#\\\/schema\\\/person\\\/9ca6543250afc7e15ea937899dc17eeb\",\"name\":\"Charl\u00e8ne Milliquet\",\"image\":{\"@type\":\"ImageObject\",\"inLanguage\":\"it-IT\",\"@id\":\"https:\\\/\\\/secure.gravatar.com\\\/avatar\\\/6dce920e2f953a42c753f99ffdfbeac65c7a08a0c0a18b80fd4dbcef28e9fd17?s=96&d=mm&r=g\",\"url\":\"https:\\\/\\\/secure.gravatar.com\\\/avatar\\\/6dce920e2f953a42c753f99ffdfbeac65c7a08a0c0a18b80fd4dbcef28e9fd17?s=96&d=mm&r=g\",\"contentUrl\":\"https:\\\/\\\/secure.gravatar.com\\\/avatar\\\/6dce920e2f953a42c753f99ffdfbeac65c7a08a0c0a18b80fd4dbcef28e9fd17?s=96&d=mm&r=g\",\"caption\":\"Charl\u00e8ne Milliquet\"}}]}<\/script>\n<!-- \/ Yoast SEO Premium plugin. -->","yoast_head_json":{"title":"Webinar con JobCloud | Swibeco","robots":{"index":"index","follow":"follow","max-snippet":"max-snippet:-1","max-image-preview":"max-image-preview:large","max-video-preview":"max-video-preview:-1"},"canonical":"https:\/\/www.swibeco.ch\/it\/webinar-con-jobcloud\/","og_locale":"it_IT","og_type":"article","og_title":"Webinar con JobCloud","og_description":"Salari sotto pressione? I benefit che fanno davvero la differenza Abbiamo recentemente co-condotto un webinar con JobCloud su un tema di grande attualit\u00e0: la riduzione del potere d\u2019acquisto dei collaboratori in un contesto in cui aumentare gli stipendi risulta sempre pi\u00f9 complesso per molte aziende.Il nostro CEO e fondatore, Ivan Brustlein, ha condiviso una visione ... Lire plus","og_url":"https:\/\/www.swibeco.ch\/it\/webinar-con-jobcloud\/","og_site_name":"Swibeco","article_published_time":"2025-11-10T10:22:00+00:00","article_modified_time":"2025-12-04T10:39:07+00:00","og_image":[{"width":1200,"height":630,"url":"https:\/\/www.swibeco.ch\/wp-content\/uploads\/swibeco-opengraph.jpg","type":"image\/jpeg"}],"author":"Charl\u00e8ne Milliquet","twitter_card":"summary_large_image","twitter_misc":{"Scritto da":"Charl\u00e8ne Milliquet","Tempo di lettura stimato":"1 minuto"},"schema":{"@context":"https:\/\/schema.org","@graph":[{"@type":"Article","@id":"https:\/\/www.swibeco.ch\/it\/webinar-con-jobcloud\/#article","isPartOf":{"@id":"https:\/\/www.swibeco.ch\/it\/webinar-con-jobcloud\/"},"author":{"name":"Charl\u00e8ne Milliquet","@id":"https:\/\/www.swibeco.ch\/it\/#\/schema\/person\/9ca6543250afc7e15ea937899dc17eeb"},"headline":"Webinar con JobCloud","datePublished":"2025-11-10T10:22:00+00:00","dateModified":"2025-12-04T10:39:07+00:00","mainEntityOfPage":{"@id":"https:\/\/www.swibeco.ch\/it\/webinar-con-jobcloud\/"},"wordCount":149,"publisher":{"@id":"https:\/\/www.swibeco.ch\/it\/#organization"},"image":{"@id":"https:\/\/www.swibeco.ch\/it\/webinar-con-jobcloud\/#primaryimage"},"thumbnailUrl":"https:\/\/www.swibeco.ch\/wp-content\/uploads\/MKT_I_Blog-articles-cover.jpg","articleSection":["Tendenze HR"],"inLanguage":"it-IT"},{"@type":"WebPage","@id":"https:\/\/www.swibeco.ch\/it\/webinar-con-jobcloud\/","url":"https:\/\/www.swibeco.ch\/it\/webinar-con-jobcloud\/","name":"Webinar con JobCloud | Swibeco","isPartOf":{"@id":"https:\/\/www.swibeco.ch\/it\/#website"},"primaryImageOfPage":{"@id":"https:\/\/www.swibeco.ch\/it\/webinar-con-jobcloud\/#primaryimage"},"image":{"@id":"https:\/\/www.swibeco.ch\/it\/webinar-con-jobcloud\/#primaryimage"},"thumbnailUrl":"https:\/\/www.swibeco.ch\/wp-content\/uploads\/MKT_I_Blog-articles-cover.jpg","datePublished":"2025-11-10T10:22:00+00:00","dateModified":"2025-12-04T10:39:07+00:00","breadcrumb":{"@id":"https:\/\/www.swibeco.ch\/it\/webinar-con-jobcloud\/#breadcrumb"},"inLanguage":"it-IT","potentialAction":[{"@type":"ReadAction","target":["https:\/\/www.swibeco.ch\/it\/webinar-con-jobcloud\/"]}]},{"@type":"ImageObject","inLanguage":"it-IT","@id":"https:\/\/www.swibeco.ch\/it\/webinar-con-jobcloud\/#primaryimage","url":"https:\/\/www.swibeco.ch\/wp-content\/uploads\/MKT_I_Blog-articles-cover.jpg","contentUrl":"https:\/\/www.swibeco.ch\/wp-content\/uploads\/MKT_I_Blog-articles-cover.jpg","width":1200,"height":630,"caption":"Photo d\u2019Ivan Brustlein, CEO et fondateur de Swibeco SA, et de Myl\u00e8ne Bourg, m\u00e9diatrice chez JobCloud, lors du tournage du webinaire d\u00e9di\u00e9 aux avantages collaborateurs."},{"@type":"BreadcrumbList","@id":"https:\/\/www.swibeco.ch\/it\/webinar-con-jobcloud\/#breadcrumb","itemListElement":[{"@type":"ListItem","position":1,"name":"Accueil","item":"https:\/\/www.swibeco.ch\/it\/"},{"@type":"ListItem","position":2,"name":"Webinar con JobCloud"}]},{"@type":"WebSite","@id":"https:\/\/www.swibeco.ch\/it\/#website","url":"https:\/\/www.swibeco.ch\/it\/","name":"Swibeco","description":"Flexible Benefits for Real Impact","publisher":{"@id":"https:\/\/www.swibeco.ch\/it\/#organization"},"potentialAction":[{"@type":"SearchAction","target":{"@type":"EntryPoint","urlTemplate":"https:\/\/www.swibeco.ch\/it\/?s={search_term_string}"},"query-input":{"@type":"PropertyValueSpecification","valueRequired":true,"valueName":"search_term_string"}}],"inLanguage":"it-IT"},{"@type":"Organization","@id":"https:\/\/www.swibeco.ch\/it\/#organization","name":"SWIBECO","url":"https:\/\/www.swibeco.ch\/it\/","logo":{"@type":"ImageObject","inLanguage":"it-IT","@id":"https:\/\/www.swibeco.ch\/it\/#\/schema\/logo\/image\/","url":"https:\/\/www.swibeco.ch\/wp-content\/uploads\/logo-swibeco.svg","contentUrl":"https:\/\/www.swibeco.ch\/wp-content\/uploads\/logo-swibeco.svg","width":300,"height":110,"caption":"SWIBECO"},"image":{"@id":"https:\/\/www.swibeco.ch\/it\/#\/schema\/logo\/image\/"},"sameAs":["https:\/\/www.linkedin.com\/company\/swibeco\/"]},{"@type":"Person","@id":"https:\/\/www.swibeco.ch\/it\/#\/schema\/person\/9ca6543250afc7e15ea937899dc17eeb","name":"Charl\u00e8ne Milliquet","image":{"@type":"ImageObject","inLanguage":"it-IT","@id":"https:\/\/secure.gravatar.com\/avatar\/6dce920e2f953a42c753f99ffdfbeac65c7a08a0c0a18b80fd4dbcef28e9fd17?s=96&d=mm&r=g","url":"https:\/\/secure.gravatar.com\/avatar\/6dce920e2f953a42c753f99ffdfbeac65c7a08a0c0a18b80fd4dbcef28e9fd17?s=96&d=mm&r=g","contentUrl":"https:\/\/secure.gravatar.com\/avatar\/6dce920e2f953a42c753f99ffdfbeac65c7a08a0c0a18b80fd4dbcef28e9fd17?s=96&d=mm&r=g","caption":"Charl\u00e8ne Milliquet"}}]}},"_links":{"self":[{"href":"https:\/\/www.swibeco.ch\/it\/wp-json\/wp\/v2\/posts\/46532","targetHints":{"allow":["GET"]}}],"collection":[{"href":"https:\/\/www.swibeco.ch\/it\/wp-json\/wp\/v2\/posts"}],"about":[{"href":"https:\/\/www.swibeco.ch\/it\/wp-json\/wp\/v2\/types\/post"}],"author":[{"embeddable":true,"href":"https:\/\/www.swibeco.ch\/it\/wp-json\/wp\/v2\/users\/11"}],"replies":[{"embeddable":true,"href":"https:\/\/www.swibeco.ch\/it\/wp-json\/wp\/v2\/comments?post=46532"}],"version-history":[{"count":0,"href":"https:\/\/www.swibeco.ch\/it\/wp-json\/wp\/v2\/posts\/46532\/revisions"}],"wp:featuredmedia":[{"embeddable":true,"href":"https:\/\/www.swibeco.ch\/it\/wp-json\/wp\/v2\/media\/46530"}],"wp:attachment":[{"href":"https:\/\/www.swibeco.ch\/it\/wp-json\/wp\/v2\/media?parent=46532"}],"wp:term":[{"taxonomy":"category","embeddable":true,"href":"https:\/\/www.swibeco.ch\/it\/wp-json\/wp\/v2\/categories?post=46532"},{"taxonomy":"post_tag","embeddable":true,"href":"https:\/\/www.swibeco.ch\/it\/wp-json\/wp\/v2\/tags?post=46532"}],"curies":[{"name":"wp","href":"https:\/\/api.w.org\/{rel}","templated":true}]}}